{"id":10055,"date":"2024-01-05T08:20:41","date_gmt":"2024-01-05T07:20:41","guid":{"rendered":"https:\/\/www.feuerwehr-attendorn.de\/www\/?p=10055"},"modified":"2024-01-05T08:45:16","modified_gmt":"2024-01-05T07:45:16","slug":"the-power-of-people-musikzug-ennest-praesentiert-konzert-in-der-stadthalle","status":"publish","type":"post","link":"https:\/\/www.feuerwehr-attendorn.de\/www\/2024\/01\/05\/the-power-of-people-musikzug-ennest-praesentiert-konzert-in-der-stadthalle\/","title":{"rendered":"&#8222;The Power of People&#8220; &#8211; Musikzug Ennest pr\u00e4sentiert Konzert in der Stadthalle"},"content":{"rendered":"\n<p>Am 13.01.2024 um 19:30 Uhr l\u00e4dt der Musikzug der Freiwilligen Feuerwehr Ennest herzlich ein, sich von &#8222;The Power of People&#8220; in der Stadthalle Attendorn mitrei\u00dfen zu lassen. Unter der Leitung von Dirigent Ingo Samp pr\u00e4sentiert das Orchester ein vielseitiges Repertoire, das die Kraft und Vielfalt der Menschen verschiedenster Epochen feiert.<\/p>\n\n\n\n<p>Zum Auftakt des Abends betritt in Julius Fuciks triumphalen ungarischen Marsch \u201eAttila\u201c der Hunnenk\u00f6nig mit kraftvollen Kl\u00e4ngen die B\u00fchne, bevor in der Filmmusiksuite zu \u201eHenry V\u201c die komplette Bandbreite des Orchesters abverlangt wird. Neben schwebenden, mittelalterlichen Kl\u00e4ngen, romantischen Balladen und wildem Kampf kommt im Werk von Patrick Doyle auch ein gregorianischer Chor zum Tragen.<\/p>\n\n\n\n<p>Im Anschluss erz\u00e4hlt die &#8222;Carmen Suite&#8220; mit ihren weltbekannten und temperamentvollen St\u00fccken die Geschichte der lebenslustigen Zigeunerin Carmen aus der gleichnamigen Oper von Georges Bizet.<\/p>\n\n\n\n<p>Mit \u201eBonaparte\u201c schrieb der Komponist Otto M. Schwarz das musikalische Gem\u00e4lde eines der bedeutendsten Milit\u00e4r- und Staatsf\u00fchrers der Geschichte. Fesselnd erz\u00e4hlt die Musik von Triumph und Niederlagen der Grand Nation im Wechselspiel mit den europ\u00e4ischen Gro\u00dfm\u00e4chten. Aber auch modernere Kl\u00e4nge d\u00fcrfen an diesem Abend nicht fehlen. So entwarf Marcel Peters mit seinem gleichnamigen Arrangement eine Hommage an den legend\u00e4ren Stummfilmstar Charlie Chaplin, w\u00e4hrend Stefan Schwalgin mit seiner Zusammenstellung in \u201eFrank Sinatra Classics\u201c die zeitlosen Hits des amerikanischen Superstars auf die B\u00fchne bringt. Die Sinatra-Klassiker versprechen ein mitrei\u00dfendes und nostalgisches H\u00f6rerlebnis, welches die unvergessliche \u00c4ra des legend\u00e4ren Crooners zum Leben erweckt.<\/p>\n\n\n\n<p>Der Musikzug l\u00e4dt ein, sich von der klanglichen Vielfalt und emotionalen Tiefe der Musik von \u201eThe Power of People\u201c verzaubern zu lassen. Eintrittskarten sind im Vorverkauf f\u00fcr 13\u20ac f\u00fcr Erwachsene und 7\u20ac f\u00fcr Kinder unter 18 Jahren, Angeh\u00f6rige der Feuerwehr in Uniform sowie Personen mit GDB 50, erh\u00e4ltlich. Tickets gibt es bei allen aktiven Musikerinnen und Musikern, in der B\u00e4ckerei Hesse in Ennest, der Nicolai Apotheke in Attendorn, der Attendorner Tourist-Information oder online unter www.stadthalle-attendorn.de.<\/p>\n\n\n\n<p><\/p>\n","protected":false},"excerpt":{"rendered":"<p>Am 13.01.2024 um 19:30 Uhr l\u00e4dt der Musikzug der Freiwilligen Feuerwehr Ennest herzlich ein, sich von &#8222;The Power of People&#8220; in der Stadthalle Attendorn mitrei\u00dfen zu lassen. Unter der Leitung von Dirigent Ingo Samp pr\u00e4sentiert das Orchester ein vielseitiges Repertoire,&hellip;<\/p>\n","protected":false},"author":2,"featured_media":10056,"comment_status":"open","ping_status":"open","sticky":true,"template":"","format":"standard","meta":{"pgc_sgb_lightbox_settings":"","cybocfi_hide_featured_image":"","footnotes":""},"categories":[5,1],"tags":[],"class_list":["post-10055","post","type-post","status-publish","format-standard","has-post-thumbnail","hentry","category-aktuelles","category-allgemein"],"_links":{"self":[{"href":"https:\/\/www.feuerwehr-attendorn.de\/www\/wp-json\/wp\/v2\/posts\/10055","targetHints":{"allow":["GET"]}}],"collection":[{"href":"https:\/\/www.feuerwehr-attendorn.de\/www\/wp-json\/wp\/v2\/posts"}],"about":[{"href":"https:\/\/www.feuerwehr-attendorn.de\/www\/wp-json\/wp\/v2\/types\/post"}],"author":[{"embeddable":true,"href":"https:\/\/www.feuerwehr-attendorn.de\/www\/wp-json\/wp\/v2\/users\/2"}],"replies":[{"embeddable":true,"href":"https:\/\/www.feuerwehr-attendorn.de\/www\/wp-json\/wp\/v2\/comments?post=10055"}],"version-history":[{"count":1,"href":"https:\/\/www.feuerwehr-attendorn.de\/www\/wp-json\/wp\/v2\/posts\/10055\/revisions"}],"predecessor-version":[{"id":10057,"href":"https:\/\/www.feuerwehr-attendorn.de\/www\/wp-json\/wp\/v2\/posts\/10055\/revisions\/10057"}],"wp:featuredmedia":[{"embeddable":true,"href":"https:\/\/www.feuerwehr-attendorn.de\/www\/wp-json\/wp\/v2\/media\/10056"}],"wp:attachment":[{"href":"https:\/\/www.feuerwehr-attendorn.de\/www\/wp-json\/wp\/v2\/media?parent=10055"}],"wp:term":[{"taxonomy":"category","embeddable":true,"href":"https:\/\/www.feuerwehr-attendorn.de\/www\/wp-json\/wp\/v2\/categories?post=10055"},{"taxonomy":"post_tag","embeddable":true,"href":"https:\/\/www.feuerwehr-attendorn.de\/www\/wp-json\/wp\/v2\/tags?post=10055"}],"curies":[{"name":"wp","href":"https:\/\/api.w.org\/{rel}","templated":true}]}}