{"id":10322,"date":"2025-03-09T10:10:05","date_gmt":"2025-03-09T09:10:05","guid":{"rendered":"https:\/\/www.feuerwehr-attendorn.de\/www\/?p=10322"},"modified":"2025-03-09T10:11:22","modified_gmt":"2025-03-09T09:11:22","slug":"brand-greift-auf-vereinsheim-ueber","status":"publish","type":"post","link":"https:\/\/www.feuerwehr-attendorn.de\/www\/2025\/03\/09\/brand-greift-auf-vereinsheim-ueber\/","title":{"rendered":"Brand greift auf Vereinsheim \u00fcber"},"content":{"rendered":"\n<figure class=\"wp-block-image size-large\"><img loading=\"lazy\" decoding=\"async\" width=\"1024\" height=\"819\" src=\"https:\/\/www.feuerwehr-attendorn.de\/www\/wp-content\/uploads\/2025\/03\/0426cfcf-3544-463c-bd25-c67c2a4b14e1-1024x819.jpg\" alt=\"\" class=\"wp-image-10325\" srcset=\"https:\/\/www.feuerwehr-attendorn.de\/www\/wp-content\/uploads\/2025\/03\/0426cfcf-3544-463c-bd25-c67c2a4b14e1-1024x819.jpg 1024w, https:\/\/www.feuerwehr-attendorn.de\/www\/wp-content\/uploads\/2025\/03\/0426cfcf-3544-463c-bd25-c67c2a4b14e1-300x240.jpg 300w, https:\/\/www.feuerwehr-attendorn.de\/www\/wp-content\/uploads\/2025\/03\/0426cfcf-3544-463c-bd25-c67c2a4b14e1-768x614.jpg 768w, https:\/\/www.feuerwehr-attendorn.de\/www\/wp-content\/uploads\/2025\/03\/0426cfcf-3544-463c-bd25-c67c2a4b14e1-1536x1229.jpg 1536w, https:\/\/www.feuerwehr-attendorn.de\/www\/wp-content\/uploads\/2025\/03\/0426cfcf-3544-463c-bd25-c67c2a4b14e1-2048x1638.jpg 2048w\" sizes=\"auto, (max-width: 1024px) 100vw, 1024px\" \/><\/figure>\n\n\n\n<p>Der L\u00f6schzug Attendorn wurde am gestrigen Abend um 21:46 Uhr zum Brand einer Gartenh\u00fctte in den Heggener Weg gerufen. Beim Eintreffen der Feuerwehr brannte die H\u00fctte in voller Ausdehnung, das Feuer hatte bereits auf ein unmittelbar angrenzendes Vereinsheim \u00fcbergegriffen.<\/p>\n\n\n\n<p>Das Einsatzstichwort wurde zun\u00e4chst auf Feuer 3 erh\u00f6ht, was die Alarmierung von Kr\u00e4ften des L\u00f6schzugs Ennest, sowie der Komponente Strom\/Licht des L\u00f6schzugs Repetal zur Folge hatte. Im weiteren Verlauf wurde die L\u00f6schgruppe Lichtringhausen, der Ger\u00e4tewagen PSA\/Hygiene und ein Wechselladerfahrzeug mit Abrollbeh\u00e4lter Atem-\/Umweltschutz nachalarmiert. Der Grundschutz f\u00fcr die Ausr\u00fcckebereiche Attendorn, Ennest und Ihnetal wurde durch den alarmierten L\u00f6schzug Ihnetal zentral am Feuerwehrhaus Attendorn sichergestellt, Paralleleins\u00e4tze ereigneten sich nicht.<\/p>\n\n\n\n<figure class=\"wp-block-image size-large\"><img loading=\"lazy\" decoding=\"async\" width=\"1024\" height=\"768\" src=\"https:\/\/www.feuerwehr-attendorn.de\/www\/wp-content\/uploads\/2025\/03\/f8154a12-7ab4-4cf5-8c0f-608631e94959-1024x768.jpg\" alt=\"\" class=\"wp-image-10323\" srcset=\"https:\/\/www.feuerwehr-attendorn.de\/www\/wp-content\/uploads\/2025\/03\/f8154a12-7ab4-4cf5-8c0f-608631e94959-1024x768.jpg 1024w, https:\/\/www.feuerwehr-attendorn.de\/www\/wp-content\/uploads\/2025\/03\/f8154a12-7ab4-4cf5-8c0f-608631e94959-300x225.jpg 300w, https:\/\/www.feuerwehr-attendorn.de\/www\/wp-content\/uploads\/2025\/03\/f8154a12-7ab4-4cf5-8c0f-608631e94959-768x576.jpg 768w, https:\/\/www.feuerwehr-attendorn.de\/www\/wp-content\/uploads\/2025\/03\/f8154a12-7ab4-4cf5-8c0f-608631e94959-1536x1152.jpg 1536w, https:\/\/www.feuerwehr-attendorn.de\/www\/wp-content\/uploads\/2025\/03\/f8154a12-7ab4-4cf5-8c0f-608631e94959-2048x1536.jpg 2048w\" sizes=\"auto, (max-width: 1024px) 100vw, 1024px\" \/><\/figure>\n\n\n\n<p>Durch mehrere Trupps im Au\u00dfen- und Innenangriff konnte zwar der Totalverlust der H\u00fctte nicht verhindert werden, eine weitere Ausbreitung des Feuers innerhalb des Vereinsheims wurde jedoch durch den schnellen und gezielten Einsatz der Feuerwehr verhindert. Nichtsdestotrotz entstand auch hier erheblicher Sachschaden.<\/p>\n\n\n\n<figure class=\"wp-block-image size-large\"><img loading=\"lazy\" decoding=\"async\" width=\"1024\" height=\"819\" src=\"https:\/\/www.feuerwehr-attendorn.de\/www\/wp-content\/uploads\/2025\/03\/945fe812-7f8c-4376-bd77-6fadbdcb464a-1024x819.jpg\" alt=\"\" class=\"wp-image-10326\" srcset=\"https:\/\/www.feuerwehr-attendorn.de\/www\/wp-content\/uploads\/2025\/03\/945fe812-7f8c-4376-bd77-6fadbdcb464a-1024x819.jpg 1024w, https:\/\/www.feuerwehr-attendorn.de\/www\/wp-content\/uploads\/2025\/03\/945fe812-7f8c-4376-bd77-6fadbdcb464a-300x240.jpg 300w, https:\/\/www.feuerwehr-attendorn.de\/www\/wp-content\/uploads\/2025\/03\/945fe812-7f8c-4376-bd77-6fadbdcb464a-768x615.jpg 768w, https:\/\/www.feuerwehr-attendorn.de\/www\/wp-content\/uploads\/2025\/03\/945fe812-7f8c-4376-bd77-6fadbdcb464a-1536x1229.jpg 1536w, https:\/\/www.feuerwehr-attendorn.de\/www\/wp-content\/uploads\/2025\/03\/945fe812-7f8c-4376-bd77-6fadbdcb464a-2048x1639.jpg 2048w\" sizes=\"auto, (max-width: 1024px) 100vw, 1024px\" \/><\/figure>\n\n\n\n<p>Den medizinischen Eigenschutz f\u00fcr die eingesetzten Kr\u00e4fte stellte zun\u00e4chst der Rettungsdienst des Kreises Olpe mit einem Rettungswagen sicher. Dieser wurde im Verlauf des Einsatzes durch einen Rettungswagen des DRK Attendorn abgel\u00f6st. Durch das DRK wurde zudem die Verpflegung der eingesetzten Kr\u00e4fte sichergestellt. Der Einsatz endete f\u00fcr die letzen Kr\u00e4fte gegen 01:30 Uhr. <\/p>\n\n\n\n<figure class=\"wp-block-image size-large\"><img loading=\"lazy\" decoding=\"async\" width=\"1024\" height=\"819\" src=\"https:\/\/www.feuerwehr-attendorn.de\/www\/wp-content\/uploads\/2025\/03\/224949f2-2389-466d-922a-a8fd29e20973-1024x819.jpg\" alt=\"\" class=\"wp-image-10327\" srcset=\"https:\/\/www.feuerwehr-attendorn.de\/www\/wp-content\/uploads\/2025\/03\/224949f2-2389-466d-922a-a8fd29e20973-1024x819.jpg 1024w, https:\/\/www.feuerwehr-attendorn.de\/www\/wp-content\/uploads\/2025\/03\/224949f2-2389-466d-922a-a8fd29e20973-300x240.jpg 300w, https:\/\/www.feuerwehr-attendorn.de\/www\/wp-content\/uploads\/2025\/03\/224949f2-2389-466d-922a-a8fd29e20973-768x614.jpg 768w, https:\/\/www.feuerwehr-attendorn.de\/www\/wp-content\/uploads\/2025\/03\/224949f2-2389-466d-922a-a8fd29e20973-1536x1229.jpg 1536w, https:\/\/www.feuerwehr-attendorn.de\/www\/wp-content\/uploads\/2025\/03\/224949f2-2389-466d-922a-a8fd29e20973-2048x1638.jpg 2048w\" sizes=\"auto, (max-width: 1024px) 100vw, 1024px\" \/><\/figure>\n","protected":false},"excerpt":{"rendered":"<p>Der L\u00f6schzug Attendorn wurde am gestrigen Abend um 21:46 Uhr zum Brand einer Gartenh\u00fctte in den Heggener Weg gerufen. Beim Eintreffen der Feuerwehr brannte die H\u00fctte in voller Ausdehnung, das Feuer hatte bereits auf ein unmittelbar angrenzendes Vereinsheim \u00fcbergegriffen. Das&hellip;<\/p>\n","protected":false},"author":4,"featured_media":10325,"comment_status":"open","ping_status":"open","sticky":false,"template":"","format":"standard","meta":{"pgc_sgb_lightbox_settings":"","cybocfi_hide_featured_image":"yes","footnotes":""},"categories":[8,9,15,7,10,12],"tags":[],"class_list":["post-10322","post","type-post","status-publish","format-standard","has-post-thumbnail","hentry","category-einsatzbericht","category-lz-attendorn","category-lz-ebbe","category-lz-ennest","category-lz-ihnetal","category-lz-repetal"],"_links":{"self":[{"href":"https:\/\/www.feuerwehr-attendorn.de\/www\/wp-json\/wp\/v2\/posts\/10322","targetHints":{"allow":["GET"]}}],"collection":[{"href":"https:\/\/www.feuerwehr-attendorn.de\/www\/wp-json\/wp\/v2\/posts"}],"about":[{"href":"https:\/\/www.feuerwehr-attendorn.de\/www\/wp-json\/wp\/v2\/types\/post"}],"author":[{"embeddable":true,"href":"https:\/\/www.feuerwehr-attendorn.de\/www\/wp-json\/wp\/v2\/users\/4"}],"replies":[{"embeddable":true,"href":"https:\/\/www.feuerwehr-attendorn.de\/www\/wp-json\/wp\/v2\/comments?post=10322"}],"version-history":[{"count":1,"href":"https:\/\/www.feuerwehr-attendorn.de\/www\/wp-json\/wp\/v2\/posts\/10322\/revisions"}],"predecessor-version":[{"id":10328,"href":"https:\/\/www.feuerwehr-attendorn.de\/www\/wp-json\/wp\/v2\/posts\/10322\/revisions\/10328"}],"wp:featuredmedia":[{"embeddable":true,"href":"https:\/\/www.feuerwehr-attendorn.de\/www\/wp-json\/wp\/v2\/media\/10325"}],"wp:attachment":[{"href":"https:\/\/www.feuerwehr-attendorn.de\/www\/wp-json\/wp\/v2\/media?parent=10322"}],"wp:term":[{"taxonomy":"category","embeddable":true,"href":"https:\/\/www.feuerwehr-attendorn.de\/www\/wp-json\/wp\/v2\/categories?post=10322"},{"taxonomy":"post_tag","embeddable":true,"href":"https:\/\/www.feuerwehr-attendorn.de\/www\/wp-json\/wp\/v2\/tags?post=10322"}],"curies":[{"name":"wp","href":"https:\/\/api.w.org\/{rel}","templated":true}]}}