{"id":10335,"date":"2025-03-25T15:55:23","date_gmt":"2025-03-25T14:55:23","guid":{"rendered":"https:\/\/www.feuerwehr-attendorn.de\/www\/?p=10335"},"modified":"2025-03-25T16:25:22","modified_gmt":"2025-03-25T15:25:22","slug":"neue-lebensretter-in-allen-einheiten","status":"publish","type":"post","link":"https:\/\/www.feuerwehr-attendorn.de\/www\/2025\/03\/25\/neue-lebensretter-in-allen-einheiten\/","title":{"rendered":"Neue Lebensretter in allen Einheiten!"},"content":{"rendered":"\n<figure class=\"wp-block-image size-large\"><img loading=\"lazy\" decoding=\"async\" width=\"1024\" height=\"768\" src=\"https:\/\/www.feuerwehr-attendorn.de\/www\/wp-content\/uploads\/2025\/03\/image3-1-1024x768.jpeg\" alt=\"\" class=\"wp-image-10336\" srcset=\"https:\/\/www.feuerwehr-attendorn.de\/www\/wp-content\/uploads\/2025\/03\/image3-1-1024x768.jpeg 1024w, https:\/\/www.feuerwehr-attendorn.de\/www\/wp-content\/uploads\/2025\/03\/image3-1-300x225.jpeg 300w, https:\/\/www.feuerwehr-attendorn.de\/www\/wp-content\/uploads\/2025\/03\/image3-1-768x576.jpeg 768w, https:\/\/www.feuerwehr-attendorn.de\/www\/wp-content\/uploads\/2025\/03\/image3-1-1536x1152.jpeg 1536w, https:\/\/www.feuerwehr-attendorn.de\/www\/wp-content\/uploads\/2025\/03\/image3-1-2048x1536.jpeg 2048w\" sizes=\"auto, (max-width: 1024px) 100vw, 1024px\" \/><\/figure>\n\n\n\n<p>In diesem Jahr wird die medizinische Ausstattung aller Attendorner Feuerwehreinheiten nach konzeptioneller Abstimmung im Arbeitskreis Medizin und Hygiene und unter enger Beteiligung unserer beiden Feuerwehr\u00e4rzte Dirk Pflitsch und Christoph Humberg erg\u00e4nzt und standardisiert.<\/p>\n\n\n\n<p>In den vergangenen Tagen konnten Vertreter aller Einheiten sog. AEDs, also automatische externe Defibrillatoren, als Beladung f\u00fcr die jeweils erstausr\u00fcckenden L\u00f6schfahrzeuge entgegennehmen. Zur Beladung dieser Fahrzeuge wird zuk\u00fcnftig auch eine einheitliche Sauerstofftasche geh\u00f6ren, die neben einer 2-Liter-Flasche mit medizinischem Sauerstoff auch entsprechendes Material zur Beatmung und Sauerstoffgabe enth\u00e4lt. Die medizinische Grundausstattung aller Feuerwehrfahrzeuge besteht zuk\u00fcnftig aus einem genormten Notfallrucksack nach DIN 13 155, der u. a. durch Blutzuckermessger\u00e4te, Pulsoximeter, diverse Wendeltuben, Tourniquets und Saugkompressen erg\u00e4nzt und an den Bedarf der Feuerwehr angepasst wird.<\/p>\n\n\n\n<p>Durch den fr\u00fchzeitigen Einsatz der Defibrillatoren bei lebensbedrohlichen Herzrhythmusst\u00f6rungen, insbesondere einem Kammerflimmern, kann die \u00dcberlebenschance erkrankter Personen erheblich gesteigert werden. Die Beschaffung dieser lebensrettenden Ausstattung stellt damit einen echten &#8222;Meilenstein&#8220; auf dem Weg zum bestm\u00f6glichen Eigenschutz unserer Einsatzkr\u00e4fte dar \u2013 aber nat\u00fcrlich auch f\u00fcr alle diejenigen, die die Hilfe der Feuerwehr ben\u00f6tigen.<\/p>\n\n\n\n<p>Im Falle eines Notrufausfalls, z. B. infolge eines l\u00e4ngeren Ausfalls der Energieinfrastruktur, dienen die Feuerwehrger\u00e4teh\u00e4user als erste Anlaufstelle f\u00fcr die Bev\u00f6lkerung bei Hilfeersuchen. Sollte es in einer solchen Situation zu einem medizinischen Notfall kommen, steht der Feuerwehr nun notwendiges Equipment auf dem aktuellen Stand der Technik zur Verf\u00fcgung, um wirksame Erstma\u00dfnahmen einleiten zu k\u00f6nnen. Die daf\u00fcr aufgebrachten Haushaltsmittel der Hansestadt Attendorn kommen also der gesamten Bev\u00f6lkerung zugute.<\/p>\n\n\n\n<p>Neben der Beladung der Einsatzfahrzeuge werden in diesem Jahr auch die Erste-Hilfe-Materialien f\u00fcr die Verwaltungs-, Werkstatt- und Aufenthaltsbereiche aller Feuerwehrh\u00e4user standardisiert, ausgetauscht und erg\u00e4nzt, wodurch die Sicherheit unseres ehrenamtlichen Personals deutlich verbessert wird.<\/p>\n","protected":false},"excerpt":{"rendered":"<p>In diesem Jahr wird die medizinische Ausstattung aller Attendorner Feuerwehreinheiten nach konzeptioneller Abstimmung im Arbeitskreis Medizin und Hygiene und unter enger Beteiligung unserer beiden Feuerwehr\u00e4rzte Dirk Pflitsch und Christoph Humberg erg\u00e4nzt und standardisiert. In den vergangenen Tagen konnten Vertreter aller&hellip;<\/p>\n","protected":false},"author":4,"featured_media":10336,"comment_status":"open","ping_status":"open","sticky":false,"template":"","format":"standard","meta":{"pgc_sgb_lightbox_settings":"","cybocfi_hide_featured_image":"yes","footnotes":""},"categories":[5,1,2,19,9,15,7,10,12],"tags":[],"class_list":["post-10335","post","type-post","status-publish","format-standard","has-post-thumbnail","hentry","category-aktuelles","category-allgemein","category-einsatzabteilung","category-lg-listerscheid","category-lz-attendorn","category-lz-ebbe","category-lz-ennest","category-lz-ihnetal","category-lz-repetal"],"_links":{"self":[{"href":"https:\/\/www.feuerwehr-attendorn.de\/www\/wp-json\/wp\/v2\/posts\/10335","targetHints":{"allow":["GET"]}}],"collection":[{"href":"https:\/\/www.feuerwehr-attendorn.de\/www\/wp-json\/wp\/v2\/posts"}],"about":[{"href":"https:\/\/www.feuerwehr-attendorn.de\/www\/wp-json\/wp\/v2\/types\/post"}],"author":[{"embeddable":true,"href":"https:\/\/www.feuerwehr-attendorn.de\/www\/wp-json\/wp\/v2\/users\/4"}],"replies":[{"embeddable":true,"href":"https:\/\/www.feuerwehr-attendorn.de\/www\/wp-json\/wp\/v2\/comments?post=10335"}],"version-history":[{"count":2,"href":"https:\/\/www.feuerwehr-attendorn.de\/www\/wp-json\/wp\/v2\/posts\/10335\/revisions"}],"predecessor-version":[{"id":10338,"href":"https:\/\/www.feuerwehr-attendorn.de\/www\/wp-json\/wp\/v2\/posts\/10335\/revisions\/10338"}],"wp:featuredmedia":[{"embeddable":true,"href":"https:\/\/www.feuerwehr-attendorn.de\/www\/wp-json\/wp\/v2\/media\/10336"}],"wp:attachment":[{"href":"https:\/\/www.feuerwehr-attendorn.de\/www\/wp-json\/wp\/v2\/media?parent=10335"}],"wp:term":[{"taxonomy":"category","embeddable":true,"href":"https:\/\/www.feuerwehr-attendorn.de\/www\/wp-json\/wp\/v2\/categories?post=10335"},{"taxonomy":"post_tag","embeddable":true,"href":"https:\/\/www.feuerwehr-attendorn.de\/www\/wp-json\/wp\/v2\/tags?post=10335"}],"curies":[{"name":"wp","href":"https:\/\/api.w.org\/{rel}","templated":true}]}}