{"id":10343,"date":"2025-04-25T11:07:00","date_gmt":"2025-04-25T09:07:00","guid":{"rendered":"https:\/\/www.feuerwehr-attendorn.de\/www\/?p=10343"},"modified":"2025-04-25T11:07:00","modified_gmt":"2025-04-25T09:07:00","slug":"uebungstag-im-aussengelaende-des-idf","status":"publish","type":"post","link":"https:\/\/www.feuerwehr-attendorn.de\/www\/2025\/04\/25\/uebungstag-im-aussengelaende-des-idf\/","title":{"rendered":"\u00dcbungstag im Au\u00dfengel\u00e4nde des IdF"},"content":{"rendered":"\n<p>Die L\u00f6schgruppe Lichtringhausen f\u00fchrte k\u00fcrzlich einen \u00dcbungstag im Au\u00dfengel\u00e4nde des Instituts der Feuerwehr NRW durch. Den ganzen Tag \u00fcber boten sich den Teilnehmern \u2013 die durch vier Kameraden der Plettenberger L\u00f6schgruppe Oestertal unterst\u00fctzt wurden \u2013 ideale \u00dcbungsbedingungen. Da die vorhandenen Geb\u00e4ude bis zur \u201eNullsicht\u201c verraucht werden k\u00f6nnen und zudem ein Vorgehen der Atemschutzger\u00e4tetr\u00e4ger mit gef\u00fcllten Schl\u00e4uchen m\u00f6glich ist, konnten die \u00dcbungen mit einem sehr hohen Realit\u00e4tsgrad durchgef\u00fchrt werden. Dadurch war es m\u00f6glich, die vorhandenen F\u00e4higkeiten aller \u00dcbungsteilnehmer zu vertiefen und sich bestm\u00f6glich auf Szenarien vorzubereiten, die jederzeit im Einsatzdienst auftreten k\u00f6nnen.<\/p>\n\n\n\n<div class=\"wp-block-columns is-layout-flex wp-container-core-columns-is-layout-9d6595d7 wp-block-columns-is-layout-flex\">\n<div class=\"wp-block-column is-layout-flow wp-block-column-is-layout-flow\">\n<figure class=\"wp-block-image size-large\"><img loading=\"lazy\" decoding=\"async\" width=\"768\" height=\"1024\" src=\"https:\/\/www.feuerwehr-attendorn.de\/www\/wp-content\/uploads\/2025\/04\/PHOTO-2025-03-22-19-41-17-768x1024.jpg\" alt=\"\" class=\"wp-image-10344\" srcset=\"https:\/\/www.feuerwehr-attendorn.de\/www\/wp-content\/uploads\/2025\/04\/PHOTO-2025-03-22-19-41-17-768x1024.jpg 768w, https:\/\/www.feuerwehr-attendorn.de\/www\/wp-content\/uploads\/2025\/04\/PHOTO-2025-03-22-19-41-17-225x300.jpg 225w, https:\/\/www.feuerwehr-attendorn.de\/www\/wp-content\/uploads\/2025\/04\/PHOTO-2025-03-22-19-41-17-1152x1536.jpg 1152w, https:\/\/www.feuerwehr-attendorn.de\/www\/wp-content\/uploads\/2025\/04\/PHOTO-2025-03-22-19-41-17-1536x2048.jpg 1536w, https:\/\/www.feuerwehr-attendorn.de\/www\/wp-content\/uploads\/2025\/04\/PHOTO-2025-03-22-19-41-17-scaled.jpg 1920w\" sizes=\"auto, (max-width: 768px) 100vw, 768px\" \/><\/figure>\n<\/div>\n\n\n\n<div class=\"wp-block-column is-layout-flow wp-block-column-is-layout-flow\">\n<figure class=\"wp-block-image size-large\"><img loading=\"lazy\" decoding=\"async\" width=\"768\" height=\"1024\" src=\"https:\/\/www.feuerwehr-attendorn.de\/www\/wp-content\/uploads\/2025\/04\/IMG_1230-768x1024.jpg\" alt=\"\" class=\"wp-image-10346\" srcset=\"https:\/\/www.feuerwehr-attendorn.de\/www\/wp-content\/uploads\/2025\/04\/IMG_1230-768x1024.jpg 768w, https:\/\/www.feuerwehr-attendorn.de\/www\/wp-content\/uploads\/2025\/04\/IMG_1230-225x300.jpg 225w, https:\/\/www.feuerwehr-attendorn.de\/www\/wp-content\/uploads\/2025\/04\/IMG_1230-1152x1536.jpg 1152w, https:\/\/www.feuerwehr-attendorn.de\/www\/wp-content\/uploads\/2025\/04\/IMG_1230-1536x2048.jpg 1536w, https:\/\/www.feuerwehr-attendorn.de\/www\/wp-content\/uploads\/2025\/04\/IMG_1230-scaled.jpg 1920w\" sizes=\"auto, (max-width: 768px) 100vw, 768px\" \/><\/figure>\n<\/div>\n<\/div>\n\n\n\n<p>Das abschlie\u00dfende Fazit der Teilnehmer \u2013 die mit zwei L\u00f6schfahrzeugen und einem Ger\u00e4tewagen vor Ort waren und einen kompletten Samstag ihrem Ehrenamt widmeten \u2013 fiel \u00e4u\u00dferst positiv aus. Alle waren sich einig, dass ein solcher \u00dcbungstag auch in Zukunft stattfinden solle!<\/p>\n","protected":false},"excerpt":{"rendered":"<p>Die L\u00f6schgruppe Lichtringhausen f\u00fchrte k\u00fcrzlich einen \u00dcbungstag im Au\u00dfengel\u00e4nde des Instituts der Feuerwehr NRW durch. Den ganzen Tag \u00fcber boten sich den Teilnehmern \u2013 die durch vier Kameraden der Plettenberger L\u00f6schgruppe Oestertal unterst\u00fctzt wurden \u2013 ideale \u00dcbungsbedingungen. Da die vorhandenen&hellip;<\/p>\n","protected":false},"author":4,"featured_media":10345,"comment_status":"open","ping_status":"open","sticky":false,"template":"","format":"standard","meta":{"pgc_sgb_lightbox_settings":"","cybocfi_hide_featured_image":"","footnotes":""},"categories":[5,18,11],"tags":[],"class_list":["post-10343","post","type-post","status-publish","format-standard","has-post-thumbnail","hentry","category-aktuelles","category-lg-lichtringhausen","category-uebungsbericht"],"_links":{"self":[{"href":"https:\/\/www.feuerwehr-attendorn.de\/www\/wp-json\/wp\/v2\/posts\/10343","targetHints":{"allow":["GET"]}}],"collection":[{"href":"https:\/\/www.feuerwehr-attendorn.de\/www\/wp-json\/wp\/v2\/posts"}],"about":[{"href":"https:\/\/www.feuerwehr-attendorn.de\/www\/wp-json\/wp\/v2\/types\/post"}],"author":[{"embeddable":true,"href":"https:\/\/www.feuerwehr-attendorn.de\/www\/wp-json\/wp\/v2\/users\/4"}],"replies":[{"embeddable":true,"href":"https:\/\/www.feuerwehr-attendorn.de\/www\/wp-json\/wp\/v2\/comments?post=10343"}],"version-history":[{"count":1,"href":"https:\/\/www.feuerwehr-attendorn.de\/www\/wp-json\/wp\/v2\/posts\/10343\/revisions"}],"predecessor-version":[{"id":10347,"href":"https:\/\/www.feuerwehr-attendorn.de\/www\/wp-json\/wp\/v2\/posts\/10343\/revisions\/10347"}],"wp:featuredmedia":[{"embeddable":true,"href":"https:\/\/www.feuerwehr-attendorn.de\/www\/wp-json\/wp\/v2\/media\/10345"}],"wp:attachment":[{"href":"https:\/\/www.feuerwehr-attendorn.de\/www\/wp-json\/wp\/v2\/media?parent=10343"}],"wp:term":[{"taxonomy":"category","embeddable":true,"href":"https:\/\/www.feuerwehr-attendorn.de\/www\/wp-json\/wp\/v2\/categories?post=10343"},{"taxonomy":"post_tag","embeddable":true,"href":"https:\/\/www.feuerwehr-attendorn.de\/www\/wp-json\/wp\/v2\/tags?post=10343"}],"curies":[{"name":"wp","href":"https:\/\/api.w.org\/{rel}","templated":true}]}}