{"id":10589,"date":"2026-01-28T21:45:47","date_gmt":"2026-01-28T20:45:47","guid":{"rendered":"https:\/\/www.feuerwehr-attendorn.de\/www\/?p=10589"},"modified":"2026-03-04T09:27:54","modified_gmt":"2026-03-04T08:27:54","slug":"am-zollstock-fahrzeugbrand","status":"publish","type":"post","link":"https:\/\/www.feuerwehr-attendorn.de\/www\/2026\/01\/28\/am-zollstock-fahrzeugbrand\/","title":{"rendered":"Am Zollstock: Fahrzeugbrand"},"content":{"rendered":"\n<figure class=\"wp-block-image size-large\"><img loading=\"lazy\" decoding=\"async\" width=\"1024\" height=\"768\" src=\"https:\/\/www.feuerwehr-attendorn.de\/www\/wp-content\/uploads\/2026\/01\/2026_01_28_PKW-3-1024x768.jpg\" alt=\"\" class=\"wp-image-10591\" srcset=\"https:\/\/www.feuerwehr-attendorn.de\/www\/wp-content\/uploads\/2026\/01\/2026_01_28_PKW-3-1024x768.jpg 1024w, https:\/\/www.feuerwehr-attendorn.de\/www\/wp-content\/uploads\/2026\/01\/2026_01_28_PKW-3-300x225.jpg 300w, https:\/\/www.feuerwehr-attendorn.de\/www\/wp-content\/uploads\/2026\/01\/2026_01_28_PKW-3-768x576.jpg 768w, https:\/\/www.feuerwehr-attendorn.de\/www\/wp-content\/uploads\/2026\/01\/2026_01_28_PKW-3-1536x1152.jpg 1536w, https:\/\/www.feuerwehr-attendorn.de\/www\/wp-content\/uploads\/2026\/01\/2026_01_28_PKW-3-2048x1536.jpg 2048w\" sizes=\"auto, (max-width: 1024px) 100vw, 1024px\" \/><\/figure>\n\n\n\n<p>Zu einem PKW-Brand in der Stra\u00dfe \u201eAm Zollstock\u201c wurden die Polizei sowie der L\u00f6schzug Attendorn und ein Fahrzeug der Betriebsfeuerwehr Muhr und Bender am heutigen Mittwoch um 11:52 Uhr alarmiert.<\/p>\n\n\n\n<p>Beim Eintreffen der Feuerwehr brannte ein PKW im Bereich des Motors.<\/p>\n\n\n\n<p>Zur Brandbek\u00e4mpfung setzte die Feuerwehr zwei Einsatzkr\u00e4fte unter Atemschutz ein und l\u00f6schte das Feuer mit einem Strahlrohr.<\/p>\n\n\n\n<p>Da es im Bereich der Finnentroper Stra\u00dfe\/Am Zollstock zudem zu einer Verunreinigung der Fahrbahnoberfl\u00e4che gekommen war, wurde auch eine Fachfirma zur \u00d6lspurbeseitigung hinzugezogen.<\/p>\n\n\n\n<p>Der Einsatz endete f\u00fcr die letzten Kr\u00e4fte gegen 13:15 Uhr.<\/p>\n\n\n\n<figure class=\"wp-block-image size-large\"><img loading=\"lazy\" decoding=\"async\" width=\"2117\" height=\"1588\" src=\"https:\/\/www.feuerwehr-attendorn.de\/www\/wp-content\/uploads\/2026\/01\/2026_01_28_PKW-2-edited.jpg\" alt=\"\" class=\"wp-image-10593\" srcset=\"https:\/\/www.feuerwehr-attendorn.de\/www\/wp-content\/uploads\/2026\/01\/2026_01_28_PKW-2-edited.jpg 2117w, https:\/\/www.feuerwehr-attendorn.de\/www\/wp-content\/uploads\/2026\/01\/2026_01_28_PKW-2-edited-300x225.jpg 300w, https:\/\/www.feuerwehr-attendorn.de\/www\/wp-content\/uploads\/2026\/01\/2026_01_28_PKW-2-edited-1024x768.jpg 1024w, https:\/\/www.feuerwehr-attendorn.de\/www\/wp-content\/uploads\/2026\/01\/2026_01_28_PKW-2-edited-768x576.jpg 768w, https:\/\/www.feuerwehr-attendorn.de\/www\/wp-content\/uploads\/2026\/01\/2026_01_28_PKW-2-edited-1536x1152.jpg 1536w, https:\/\/www.feuerwehr-attendorn.de\/www\/wp-content\/uploads\/2026\/01\/2026_01_28_PKW-2-edited-2048x1536.jpg 2048w\" sizes=\"auto, (max-width: 2117px) 100vw, 2117px\" \/><\/figure>\n","protected":false},"excerpt":{"rendered":"<p>Zu einem PKW-Brand in der Stra\u00dfe \u201eAm Zollstock\u201c wurden die Polizei sowie der L\u00f6schzug Attendorn und ein Fahrzeug der Betriebsfeuerwehr Muhr und Bender am heutigen Mittwoch um 11:52 Uhr alarmiert. Beim Eintreffen der Feuerwehr brannte ein PKW im Bereich des&hellip;<\/p>\n","protected":false},"author":2,"featured_media":10591,"comment_status":"open","ping_status":"open","sticky":false,"template":"","format":"standard","meta":{"pgc_sgb_lightbox_settings":"","cybocfi_hide_featured_image":"yes","footnotes":""},"categories":[8,9],"tags":[],"class_list":["post-10589","post","type-post","status-publish","format-standard","has-post-thumbnail","hentry","category-einsatzbericht","category-lz-attendorn"],"_links":{"self":[{"href":"https:\/\/www.feuerwehr-attendorn.de\/www\/wp-json\/wp\/v2\/posts\/10589","targetHints":{"allow":["GET"]}}],"collection":[{"href":"https:\/\/www.feuerwehr-attendorn.de\/www\/wp-json\/wp\/v2\/posts"}],"about":[{"href":"https:\/\/www.feuerwehr-attendorn.de\/www\/wp-json\/wp\/v2\/types\/post"}],"author":[{"embeddable":true,"href":"https:\/\/www.feuerwehr-attendorn.de\/www\/wp-json\/wp\/v2\/users\/2"}],"replies":[{"embeddable":true,"href":"https:\/\/www.feuerwehr-attendorn.de\/www\/wp-json\/wp\/v2\/comments?post=10589"}],"version-history":[{"count":1,"href":"https:\/\/www.feuerwehr-attendorn.de\/www\/wp-json\/wp\/v2\/posts\/10589\/revisions"}],"predecessor-version":[{"id":10594,"href":"https:\/\/www.feuerwehr-attendorn.de\/www\/wp-json\/wp\/v2\/posts\/10589\/revisions\/10594"}],"wp:featuredmedia":[{"embeddable":true,"href":"https:\/\/www.feuerwehr-attendorn.de\/www\/wp-json\/wp\/v2\/media\/10591"}],"wp:attachment":[{"href":"https:\/\/www.feuerwehr-attendorn.de\/www\/wp-json\/wp\/v2\/media?parent=10589"}],"wp:term":[{"taxonomy":"category","embeddable":true,"href":"https:\/\/www.feuerwehr-attendorn.de\/www\/wp-json\/wp\/v2\/categories?post=10589"},{"taxonomy":"post_tag","embeddable":true,"href":"https:\/\/www.feuerwehr-attendorn.de\/www\/wp-json\/wp\/v2\/tags?post=10589"}],"curies":[{"name":"wp","href":"https:\/\/api.w.org\/{rel}","templated":true}]}}