{"id":10637,"date":"2026-03-10T14:29:56","date_gmt":"2026-03-10T13:29:56","guid":{"rendered":"https:\/\/www.feuerwehr-attendorn.de\/www\/?p=10637"},"modified":"2026-03-10T14:29:57","modified_gmt":"2026-03-10T13:29:57","slug":"heckenbrand-in-der-innenstadt","status":"publish","type":"post","link":"https:\/\/www.feuerwehr-attendorn.de\/www\/2026\/03\/10\/heckenbrand-in-der-innenstadt\/","title":{"rendered":"Heckenbrand in der Innenstadt"},"content":{"rendered":"\n<figure class=\"wp-block-image size-large\"><img loading=\"lazy\" decoding=\"async\" width=\"2560\" height=\"1920\" src=\"https:\/\/www.feuerwehr-attendorn.de\/www\/wp-content\/uploads\/2026\/03\/PHOTO-2026-03-09-18-58-26-edited-scaled.jpg\" alt=\"\" class=\"wp-image-10639\" srcset=\"https:\/\/www.feuerwehr-attendorn.de\/www\/wp-content\/uploads\/2026\/03\/PHOTO-2026-03-09-18-58-26-edited-scaled.jpg 2560w, https:\/\/www.feuerwehr-attendorn.de\/www\/wp-content\/uploads\/2026\/03\/PHOTO-2026-03-09-18-58-26-edited-300x225.jpg 300w, https:\/\/www.feuerwehr-attendorn.de\/www\/wp-content\/uploads\/2026\/03\/PHOTO-2026-03-09-18-58-26-edited-1024x768.jpg 1024w, https:\/\/www.feuerwehr-attendorn.de\/www\/wp-content\/uploads\/2026\/03\/PHOTO-2026-03-09-18-58-26-edited-768x576.jpg 768w, https:\/\/www.feuerwehr-attendorn.de\/www\/wp-content\/uploads\/2026\/03\/PHOTO-2026-03-09-18-58-26-edited-1536x1152.jpg 1536w, https:\/\/www.feuerwehr-attendorn.de\/www\/wp-content\/uploads\/2026\/03\/PHOTO-2026-03-09-18-58-26-edited-2048x1536.jpg 2048w\" sizes=\"auto, (max-width: 2560px) 100vw, 2560px\" \/><\/figure>\n\n\n\n<p>Der Vollbrand einer Zypressen-Hecke &#8222;Am Zollstock&#8220; war gestern Abend gegen halb sieben weithin sichtbar. Um 18:25 Uhr wurde der L\u00f6schzug Attendorn mit dem Einsatzstichwort &#8222;Feuer 1 &#8211; Heckenbrand&#8220; alarmiert. Keine f\u00fcnf Minuten sp\u00e4ter war das erste L\u00f6schfahrzeug vor Ort und konnte erste wirkungsvolle Ma\u00dfnahmen zum Schutz des Wohngeb\u00e4udes und abgestellter PKW einleiten. <\/p>\n\n\n\n<p>Zur Brandbek\u00e4mpfung wurden insgesamt drei Strahlrohre vorgenommen. Das Feuer konnte schnell in die Gewalt der Einsatzkr\u00e4fte gebracht werden. Der Rettungsdienst k\u00fcmmerte sich vor Ort um eine betroffene Person, ein Transport in ein Krankenhaus war nicht erforderlich.<\/p>\n\n\n\n<p>Im Einsatz war der L\u00f6schzug Attendorn mit zwei L\u00f6schfahrzeugen und einem Tankl\u00f6schfahrzeug, ein Rettungswagen des Rettungsdienstes des Kreises Olpe sowie die Polizei.<\/p>\n\n\n\n<figure class=\"wp-block-image size-large\"><img loading=\"lazy\" decoding=\"async\" width=\"900\" height=\"675\" src=\"https:\/\/www.feuerwehr-attendorn.de\/www\/wp-content\/uploads\/2026\/03\/PHOTO-2026-03-10-13-22-10-edited.jpg\" alt=\"\" class=\"wp-image-10641\" srcset=\"https:\/\/www.feuerwehr-attendorn.de\/www\/wp-content\/uploads\/2026\/03\/PHOTO-2026-03-10-13-22-10-edited.jpg 900w, https:\/\/www.feuerwehr-attendorn.de\/www\/wp-content\/uploads\/2026\/03\/PHOTO-2026-03-10-13-22-10-edited-300x225.jpg 300w, https:\/\/www.feuerwehr-attendorn.de\/www\/wp-content\/uploads\/2026\/03\/PHOTO-2026-03-10-13-22-10-edited-768x576.jpg 768w\" sizes=\"auto, (max-width: 900px) 100vw, 900px\" \/><\/figure>\n","protected":false},"excerpt":{"rendered":"<p>Der Vollbrand einer Zypressen-Hecke &#8222;Am Zollstock&#8220; war gestern Abend gegen halb sieben weithin sichtbar. Um 18:25 Uhr wurde der L\u00f6schzug Attendorn mit dem Einsatzstichwort &#8222;Feuer 1 &#8211; Heckenbrand&#8220; alarmiert. Keine f\u00fcnf Minuten sp\u00e4ter war das erste L\u00f6schfahrzeug vor Ort und&hellip;<\/p>\n","protected":false},"author":4,"featured_media":10638,"comment_status":"open","ping_status":"open","sticky":false,"template":"","format":"standard","meta":{"pgc_sgb_lightbox_settings":"","cybocfi_hide_featured_image":"yes","footnotes":""},"categories":[8,9],"tags":[],"class_list":["post-10637","post","type-post","status-publish","format-standard","has-post-thumbnail","hentry","category-einsatzbericht","category-lz-attendorn"],"_links":{"self":[{"href":"https:\/\/www.feuerwehr-attendorn.de\/www\/wp-json\/wp\/v2\/posts\/10637","targetHints":{"allow":["GET"]}}],"collection":[{"href":"https:\/\/www.feuerwehr-attendorn.de\/www\/wp-json\/wp\/v2\/posts"}],"about":[{"href":"https:\/\/www.feuerwehr-attendorn.de\/www\/wp-json\/wp\/v2\/types\/post"}],"author":[{"embeddable":true,"href":"https:\/\/www.feuerwehr-attendorn.de\/www\/wp-json\/wp\/v2\/users\/4"}],"replies":[{"embeddable":true,"href":"https:\/\/www.feuerwehr-attendorn.de\/www\/wp-json\/wp\/v2\/comments?post=10637"}],"version-history":[{"count":1,"href":"https:\/\/www.feuerwehr-attendorn.de\/www\/wp-json\/wp\/v2\/posts\/10637\/revisions"}],"predecessor-version":[{"id":10642,"href":"https:\/\/www.feuerwehr-attendorn.de\/www\/wp-json\/wp\/v2\/posts\/10637\/revisions\/10642"}],"wp:featuredmedia":[{"embeddable":true,"href":"https:\/\/www.feuerwehr-attendorn.de\/www\/wp-json\/wp\/v2\/media\/10638"}],"wp:attachment":[{"href":"https:\/\/www.feuerwehr-attendorn.de\/www\/wp-json\/wp\/v2\/media?parent=10637"}],"wp:term":[{"taxonomy":"category","embeddable":true,"href":"https:\/\/www.feuerwehr-attendorn.de\/www\/wp-json\/wp\/v2\/categories?post=10637"},{"taxonomy":"post_tag","embeddable":true,"href":"https:\/\/www.feuerwehr-attendorn.de\/www\/wp-json\/wp\/v2\/tags?post=10637"}],"curies":[{"name":"wp","href":"https:\/\/api.w.org\/{rel}","templated":true}]}}