{"id":10896,"date":"2026-04-30T14:41:06","date_gmt":"2026-04-30T12:41:06","guid":{"rendered":"https:\/\/www.feuerwehr-attendorn.de\/www\/?p=10896"},"modified":"2026-04-30T14:42:43","modified_gmt":"2026-04-30T12:42:43","slug":"die-temperaturen-steigen-die-waldbrandgefahr-auch","status":"publish","type":"post","link":"https:\/\/www.feuerwehr-attendorn.de\/www\/2026\/04\/30\/die-temperaturen-steigen-die-waldbrandgefahr-auch\/","title":{"rendered":"Die Temperaturen steigen &#8211; Die Waldbrandgefahr auch !"},"content":{"rendered":"\n<p><br><\/p>\n\n\n\n<div class=\"wp-block-media-text is-stacked-on-mobile\"><figure class=\"wp-block-media-text__media\"><img decoding=\"async\" src=\"https:\/\/www.feuerwehr-attendorn.de\/www\/wp-content\/uploads\/2026\/04\/Waldbrandgefahr_2026-723x1024.jpg\" alt=\"\" class=\"wp-image-10897 size-full\"\/><\/figure><div class=\"wp-block-media-text__content\">\n<p>Das Mai-Wochenende steht vor der T\u00fcr. Die Wettervorhersagen versprechen gute Temperaturen und viel Sonne. Was f\u00fcr den normalen B\u00fcrger super klingt, ist f\u00fcr die Feuerwehr eher beunruhigend.<\/p>\n\n\n\n<p>Durch den wenigen Niederschlag, den vielen Sonnenstunden und gegebenenfalls starken Winden steigt die Waldbrandgefahr erheblich.\u00a0<\/p>\n\n\n\n<p>Damit wir alle einen unbeschwerten Start in die warmen Sommermonate haben, beachtet bitte einige wichtige Vorgaben von uns!<\/p>\n<\/div><\/div>\n\n\n\n<p>1.\u2060 \u2060Offenes Feuer im Wald oder auf Wiesenfl\u00e4chen ist verboten !<\/p>\n\n\n\n<p>2.\u2060 \u2060Es besteht ein Rauchverbot in unseren W\u00e4ldern von M\u00e4rz bis Oktober !<\/p>\n\n\n\n<p>3.\u2060 \u2060Keine Benutzung von (Einweg)Grills im Wald oder auf Wiesenfl\u00e4chen !<\/p>\n\n\n\n<p>4.\u2060 \u2060Entdecken Sie eine Rauchentwicklung &#8211; sofort den Notruf 112 w\u00e4hlen !<\/p>\n\n\n\n<p>5.\u2060 \u2060Wald- und Forstwege unbedingt freihalten !<\/p>\n\n\n\n<p>6.\u2060 \u2060Beachten sie den Waldbrandindex (1-5) sowie Anweisungen des Forstamtes !<\/p>\n\n\n\n<p>Aktuell steht der Waldbrandindex auf der Stufe 3 von 5. Dieser wird wahrscheinlich in den kommenden Tagen noch ansteigen.<\/p>\n\n\n\n<p>Ber\u00fccksichtigen sie die oben genannten Vorgaben, damit wir alle eine unbeschwerte Sommerzeit haben.<\/p>\n","protected":false},"excerpt":{"rendered":"<p>Das Mai-Wochenende steht vor der T\u00fcr. Die Wettervorhersagen versprechen gute Temperaturen und viel Sonne. Was f\u00fcr den normalen B\u00fcrger super klingt, ist f\u00fcr die Feuerwehr eher beunruhigend. Durch den wenigen Niederschlag, den vielen Sonnenstunden und gegebenenfalls starken Winden steigt die&hellip;<\/p>\n","protected":false},"author":6,"featured_media":10897,"comment_status":"closed","ping_status":"open","sticky":false,"template":"","format":"standard","meta":{"pgc_sgb_lightbox_settings":"","cybocfi_hide_featured_image":"yes","footnotes":""},"categories":[5,1],"tags":[],"class_list":["post-10896","post","type-post","status-publish","format-standard","has-post-thumbnail","hentry","category-aktuelles","category-allgemein"],"_links":{"self":[{"href":"https:\/\/www.feuerwehr-attendorn.de\/www\/wp-json\/wp\/v2\/posts\/10896","targetHints":{"allow":["GET"]}}],"collection":[{"href":"https:\/\/www.feuerwehr-attendorn.de\/www\/wp-json\/wp\/v2\/posts"}],"about":[{"href":"https:\/\/www.feuerwehr-attendorn.de\/www\/wp-json\/wp\/v2\/types\/post"}],"author":[{"embeddable":true,"href":"https:\/\/www.feuerwehr-attendorn.de\/www\/wp-json\/wp\/v2\/users\/6"}],"replies":[{"embeddable":true,"href":"https:\/\/www.feuerwehr-attendorn.de\/www\/wp-json\/wp\/v2\/comments?post=10896"}],"version-history":[{"count":1,"href":"https:\/\/www.feuerwehr-attendorn.de\/www\/wp-json\/wp\/v2\/posts\/10896\/revisions"}],"predecessor-version":[{"id":10898,"href":"https:\/\/www.feuerwehr-attendorn.de\/www\/wp-json\/wp\/v2\/posts\/10896\/revisions\/10898"}],"wp:featuredmedia":[{"embeddable":true,"href":"https:\/\/www.feuerwehr-attendorn.de\/www\/wp-json\/wp\/v2\/media\/10897"}],"wp:attachment":[{"href":"https:\/\/www.feuerwehr-attendorn.de\/www\/wp-json\/wp\/v2\/media?parent=10896"}],"wp:term":[{"taxonomy":"category","embeddable":true,"href":"https:\/\/www.feuerwehr-attendorn.de\/www\/wp-json\/wp\/v2\/categories?post=10896"},{"taxonomy":"post_tag","embeddable":true,"href":"https:\/\/www.feuerwehr-attendorn.de\/www\/wp-json\/wp\/v2\/tags?post=10896"}],"curies":[{"name":"wp","href":"https:\/\/api.w.org\/{rel}","templated":true}]}}