{"id":1533,"date":"2017-02-17T16:22:52","date_gmt":"2017-02-17T15:22:52","guid":{"rendered":"http:\/\/www.feuerwehr-attendorn.de\/wordpress\/?p=1533"},"modified":"2017-02-17T16:22:52","modified_gmt":"2017-02-17T15:22:52","slug":"dekon-p-beladung-erneuert","status":"publish","type":"post","link":"https:\/\/www.feuerwehr-attendorn.de\/www\/2017\/02\/17\/dekon-p-beladung-erneuert\/","title":{"rendered":"Dekon-P: Beladung erneuert"},"content":{"rendered":"<p>Zum Austausch einiger Beladungsbestandteile waren Angeh\u00f6rige der L\u00f6schgruppe Listerscheid mit dem Ger\u00e4tewagen Dekon-P in dieser Woche am Feuerwehr-Service-Zentrum des Kreises Unna, wo sie aus den H\u00e4nden des dortigen Kreisbrandmeisters Ulrich Peukmann einige Ausr\u00fcstungsgegenst\u00e4nde entgegen nehmen.<\/p>\n<p>Die trinkwasserf\u00fchrenden Systeme wurden an die Erfordernisse der Trinkwasserverordnung angepasst. Zum Beheizen von Zelten und Duschwasser gab es neue Ger\u00e4tschaften.\u00a0Alle offenen Wannen wurden durch geschlossene Systeme ersetzt. Die Austauschs\u00e4tze wurden durch das Ministerium f\u00fcr Inneres und Kommunales des Landes NRW beschafft. Die erste Serie der Ger\u00e4tewagen Dekon-P wurden im Zeitraum um den Jahrtausendwechsel vom Innenministerium des Bundes beschafft und dienen dem Aufbau eines Dekontaminationsplatzes zur Grobreinigung von Personen nach dem Kontakt mit Gefahrstoffen.<\/p>\n","protected":false},"excerpt":{"rendered":"<p>Zum Austausch einiger Beladungsbestandteile waren Angeh\u00f6rige der L\u00f6schgruppe Listerscheid mit dem Ger\u00e4tewagen Dekon-P in dieser Woche am Feuerwehr-Service-Zentrum des Kreises Unna, wo sie aus den H\u00e4nden des dortigen Kreisbrandmeisters Ulrich Peukmann einige Ausr\u00fcstungsgegenst\u00e4nde entgegen nehmen. Die trinkwasserf\u00fchrenden Systeme wurden an&hellip;<\/p>\n","protected":false},"author":4,"featured_media":1534,"comment_status":"closed","ping_status":"open","sticky":false,"template":"","format":"standard","meta":{"pgc_sgb_lightbox_settings":"","cybocfi_hide_featured_image":"","footnotes":""},"categories":[5,2,10],"tags":[],"class_list":["post-1533","post","type-post","status-publish","format-standard","has-post-thumbnail","hentry","category-aktuelles","category-einsatzabteilung","category-lz-ihnetal"],"_links":{"self":[{"href":"https:\/\/www.feuerwehr-attendorn.de\/www\/wp-json\/wp\/v2\/posts\/1533","targetHints":{"allow":["GET"]}}],"collection":[{"href":"https:\/\/www.feuerwehr-attendorn.de\/www\/wp-json\/wp\/v2\/posts"}],"about":[{"href":"https:\/\/www.feuerwehr-attendorn.de\/www\/wp-json\/wp\/v2\/types\/post"}],"author":[{"embeddable":true,"href":"https:\/\/www.feuerwehr-attendorn.de\/www\/wp-json\/wp\/v2\/users\/4"}],"replies":[{"embeddable":true,"href":"https:\/\/www.feuerwehr-attendorn.de\/www\/wp-json\/wp\/v2\/comments?post=1533"}],"version-history":[{"count":0,"href":"https:\/\/www.feuerwehr-attendorn.de\/www\/wp-json\/wp\/v2\/posts\/1533\/revisions"}],"wp:featuredmedia":[{"embeddable":true,"href":"https:\/\/www.feuerwehr-attendorn.de\/www\/wp-json\/wp\/v2\/media\/1534"}],"wp:attachment":[{"href":"https:\/\/www.feuerwehr-attendorn.de\/www\/wp-json\/wp\/v2\/media?parent=1533"}],"wp:term":[{"taxonomy":"category","embeddable":true,"href":"https:\/\/www.feuerwehr-attendorn.de\/www\/wp-json\/wp\/v2\/categories?post=1533"},{"taxonomy":"post_tag","embeddable":true,"href":"https:\/\/www.feuerwehr-attendorn.de\/www\/wp-json\/wp\/v2\/tags?post=1533"}],"curies":[{"name":"wp","href":"https:\/\/api.w.org\/{rel}","templated":true}]}}