{"id":2861,"date":"2018-01-19T09:48:15","date_gmt":"2018-01-19T08:48:15","guid":{"rendered":"http:\/\/www.feuerwehr-attendorn.de\/wordpress\/?p=2861"},"modified":"2018-01-19T09:48:15","modified_gmt":"2018-01-19T08:48:15","slug":"orkan-hinterlaesst-ueberschaubare-schaeden","status":"publish","type":"post","link":"https:\/\/www.feuerwehr-attendorn.de\/www\/2018\/01\/19\/orkan-hinterlaesst-ueberschaubare-schaeden\/","title":{"rendered":"Orkan hinterl\u00e4sst \u00fcberschaubare Sch\u00e4den"},"content":{"rendered":"<p>Der zust\u00e4ndige Stra\u00dfenbaulasttr\u00e4ger Stra\u00dfen.NRW hat mitgeteilt, dass die Sperrung der L 697 (Heldener Stra\u00dfe) zwischen Attendorn und Helden aufgehoben wurde. Aus Sicherheitsgr\u00fcnden war die Stra\u00dfe gestern gesperrt worden, nachdem das Orkantief Friederike f\u00fcr einige Sturmsch\u00e4den gesorgt hatte. Die K 17 (Biggeseestra\u00dfe) zwischen Helden und Bremge ist ebenfalls wieder ge\u00f6ffnet. Der Berlinghauser Weg, also die Verbindung zwischen Heldener Stra\u00dfe (L 697) und Biggeseestra\u00dfe (K 17), bleibt auch \u00fcber das Wochenende gesperrt.<\/p>\n<p>Bereits gegen 10:00 Uhr wurde eine kommunale Einsatzleitung im Feuerwehrhaus Attendorn eingerichtet. Von dort aus wurde der Gesamteinsatz koordiniert.<\/p>\n<p>Aus Sicht der Einsatzleitung verlief der Orkan am gestrigen Tage recht glimpflich und sorgte gl\u00fccklicherweise nur f\u00fcr \u00fcberschaubare Sachsch\u00e4den. Zur Spitzenzeit waren 86 Einsatzkr\u00e4fte der Attendorner Feuerwehr im Einsatz. Insgesamt wurden 22 Eins\u00e4tze abgearbeitet. Im Bedarfsfall h\u00e4tte das eingesetzte Personal kurzfristig verdoppelt werden k\u00f6nnen, dies war jedoch nicht erforderlich. Die Bev\u00f6lkerung wurde \u00fcber die aktuelle Lage im Stadtgebiet permanent auf der Internetseite der Feuerwehr informiert.<\/p>\n<p>Da die Attendorner Feuerwehr in der Fl\u00e4che gut aufgestellt ist, sind auch unter schwierigen Bedingungen alle Ortslagen in k\u00fcrzester Zeit erreichbar. Dies hat sich auch gestern wieder als ein Vorteil dargestellt. Alle Hilfeersuchen der B\u00fcrger konnten zeitnah abgearbeitet werden und es kam zu keinen nennenswerten Wartezeiten.<\/p>\n<p>Um 17:00 Uhr war der Einsatz f\u00fcr die letzten Kr\u00e4fte beendet.<\/p>\n","protected":false},"excerpt":{"rendered":"<p>Der zust\u00e4ndige Stra\u00dfenbaulasttr\u00e4ger Stra\u00dfen.NRW hat mitgeteilt, dass die Sperrung der L 697 (Heldener Stra\u00dfe) zwischen Attendorn und Helden aufgehoben wurde. Aus Sicherheitsgr\u00fcnden war die Stra\u00dfe gestern gesperrt worden, nachdem das Orkantief Friederike f\u00fcr einige Sturmsch\u00e4den gesorgt hatte. Die K 17&hellip;<\/p>\n","protected":false},"author":4,"featured_media":2856,"comment_status":"closed","ping_status":"open","sticky":false,"template":"","format":"standard","meta":{"pgc_sgb_lightbox_settings":"","cybocfi_hide_featured_image":"","footnotes":""},"categories":[8],"tags":[],"class_list":["post-2861","post","type-post","status-publish","format-standard","has-post-thumbnail","hentry","category-einsatzbericht"],"_links":{"self":[{"href":"https:\/\/www.feuerwehr-attendorn.de\/www\/wp-json\/wp\/v2\/posts\/2861","targetHints":{"allow":["GET"]}}],"collection":[{"href":"https:\/\/www.feuerwehr-attendorn.de\/www\/wp-json\/wp\/v2\/posts"}],"about":[{"href":"https:\/\/www.feuerwehr-attendorn.de\/www\/wp-json\/wp\/v2\/types\/post"}],"author":[{"embeddable":true,"href":"https:\/\/www.feuerwehr-attendorn.de\/www\/wp-json\/wp\/v2\/users\/4"}],"replies":[{"embeddable":true,"href":"https:\/\/www.feuerwehr-attendorn.de\/www\/wp-json\/wp\/v2\/comments?post=2861"}],"version-history":[{"count":0,"href":"https:\/\/www.feuerwehr-attendorn.de\/www\/wp-json\/wp\/v2\/posts\/2861\/revisions"}],"wp:featuredmedia":[{"embeddable":true,"href":"https:\/\/www.feuerwehr-attendorn.de\/www\/wp-json\/wp\/v2\/media\/2856"}],"wp:attachment":[{"href":"https:\/\/www.feuerwehr-attendorn.de\/www\/wp-json\/wp\/v2\/media?parent=2861"}],"wp:term":[{"taxonomy":"category","embeddable":true,"href":"https:\/\/www.feuerwehr-attendorn.de\/www\/wp-json\/wp\/v2\/categories?post=2861"},{"taxonomy":"post_tag","embeddable":true,"href":"https:\/\/www.feuerwehr-attendorn.de\/www\/wp-json\/wp\/v2\/tags?post=2861"}],"curies":[{"name":"wp","href":"https:\/\/api.w.org\/{rel}","templated":true}]}}