{"id":2923,"date":"2018-02-09T21:53:53","date_gmt":"2018-02-09T20:53:53","guid":{"rendered":"http:\/\/www.feuerwehr-attendorn.de\/wordpress\/?p=2923"},"modified":"2018-02-09T21:53:53","modified_gmt":"2018-02-09T20:53:53","slug":"verkehrsunfall-auf-der-l-539","status":"publish","type":"post","link":"https:\/\/www.feuerwehr-attendorn.de\/www\/2018\/02\/09\/verkehrsunfall-auf-der-l-539\/","title":{"rendered":"Verkehrsunfall auf der L 539"},"content":{"rendered":"<p>Am heutigen Freitag wurde der L\u00f6schzug Ihnetal zu einem Verkehrsunfall auf der L 539 gerufen. Gegen 08:43 Uhr ereignete sich auf der Ihnestra\u00dfe in Attendorn ein Verkehrsunfall. Ein 58-J\u00e4hriger aus Kirchhundem fuhr mit seinem Lieferwagen in Richtung Meinerzhagen. Auf H\u00f6he der Einm\u00fcndung Siepen kam er aus ungekl\u00e4rter Ursache in den Gegenverkehr. Hier prallte das Fahrzeug frontal in einen Klein-LKW, den ein 57-J\u00e4hriger aus Plettenberg steuerte. Beide Beteiligten konnten sich selbst\u00e4ndig aus ihren Fahrzeugen befreien. Trotzdem brachten Rettungskr\u00e4fte beide Unfallbeteiligte in das Krankenhaus nach Attendorn. Der 58-j\u00e4hrige Verursacher erlitt schwerwiegende Verletzungen und verblieb station\u00e4r. An beiden Fahrzeugen entstand erheblicher Sachschaden, sie waren nicht mehr fahrbereit und wurden durch Abschleppunternehmen geborgen. Die Feuerwehr sicherte auslaufende Betriebsstoffe. Die weiteren Ermittlungen dauern an.<\/p>\n<p>Text: Kreispolizeibeh\u00f6rde Olpe<\/p>\n<p>Fotos: Feuerwehr Attendorn<\/p>\n<p><img loading=\"lazy\" decoding=\"async\" class=\"size-full wp-image-2925 aligncenter\" src=\"https:\/\/www.feuerwehr-attendorn.de\/wordpress\/wp-content\/uploads\/2018\/02\/vu2.jpg\" alt=\"\" width=\"1000\" height=\"587\" srcset=\"https:\/\/www.feuerwehr-attendorn.de\/www\/wp-content\/uploads\/2018\/02\/vu2.jpg 1000w, https:\/\/www.feuerwehr-attendorn.de\/www\/wp-content\/uploads\/2018\/02\/vu2-300x176.jpg 300w, https:\/\/www.feuerwehr-attendorn.de\/www\/wp-content\/uploads\/2018\/02\/vu2-768x451.jpg 768w\" sizes=\"auto, (max-width: 1000px) 100vw, 1000px\" \/><\/p>\n","protected":false},"excerpt":{"rendered":"<p>Am heutigen Freitag wurde der L\u00f6schzug Ihnetal zu einem Verkehrsunfall auf der L 539 gerufen. Gegen 08:43 Uhr ereignete sich auf der Ihnestra\u00dfe in Attendorn ein Verkehrsunfall. Ein 58-J\u00e4hriger aus Kirchhundem fuhr mit seinem Lieferwagen in Richtung Meinerzhagen. Auf H\u00f6he&hellip;<\/p>\n","protected":false},"author":4,"featured_media":2924,"comment_status":"closed","ping_status":"open","sticky":false,"template":"","format":"standard","meta":{"pgc_sgb_lightbox_settings":"","cybocfi_hide_featured_image":"","footnotes":""},"categories":[2,8,10],"tags":[],"class_list":["post-2923","post","type-post","status-publish","format-standard","has-post-thumbnail","hentry","category-einsatzabteilung","category-einsatzbericht","category-lz-ihnetal"],"_links":{"self":[{"href":"https:\/\/www.feuerwehr-attendorn.de\/www\/wp-json\/wp\/v2\/posts\/2923","targetHints":{"allow":["GET"]}}],"collection":[{"href":"https:\/\/www.feuerwehr-attendorn.de\/www\/wp-json\/wp\/v2\/posts"}],"about":[{"href":"https:\/\/www.feuerwehr-attendorn.de\/www\/wp-json\/wp\/v2\/types\/post"}],"author":[{"embeddable":true,"href":"https:\/\/www.feuerwehr-attendorn.de\/www\/wp-json\/wp\/v2\/users\/4"}],"replies":[{"embeddable":true,"href":"https:\/\/www.feuerwehr-attendorn.de\/www\/wp-json\/wp\/v2\/comments?post=2923"}],"version-history":[{"count":0,"href":"https:\/\/www.feuerwehr-attendorn.de\/www\/wp-json\/wp\/v2\/posts\/2923\/revisions"}],"wp:featuredmedia":[{"embeddable":true,"href":"https:\/\/www.feuerwehr-attendorn.de\/www\/wp-json\/wp\/v2\/media\/2924"}],"wp:attachment":[{"href":"https:\/\/www.feuerwehr-attendorn.de\/www\/wp-json\/wp\/v2\/media?parent=2923"}],"wp:term":[{"taxonomy":"category","embeddable":true,"href":"https:\/\/www.feuerwehr-attendorn.de\/www\/wp-json\/wp\/v2\/categories?post=2923"},{"taxonomy":"post_tag","embeddable":true,"href":"https:\/\/www.feuerwehr-attendorn.de\/www\/wp-json\/wp\/v2\/tags?post=2923"}],"curies":[{"name":"wp","href":"https:\/\/api.w.org\/{rel}","templated":true}]}}