{"id":5395,"date":"2019-11-25T14:08:00","date_gmt":"2019-11-25T13:08:00","guid":{"rendered":"https:\/\/www.feuerwehr-attendorn.de\/wordpress\/?p=5395"},"modified":"2019-11-25T14:08:00","modified_gmt":"2019-11-25T13:08:00","slug":"motorsaegenlehrgang-modul-a-abgeschlossen","status":"publish","type":"post","link":"https:\/\/www.feuerwehr-attendorn.de\/www\/2019\/11\/25\/motorsaegenlehrgang-modul-a-abgeschlossen\/","title":{"rendered":"Motors\u00e4genlehrgang Modul A abgeschlossen"},"content":{"rendered":"<figure id=\"attachment_5396\" aria-describedby=\"caption-attachment-5396\" style=\"width: 2016px\" class=\"wp-caption aligncenter\"><a href=\"https:\/\/www.feuerwehr-attendorn.de\/wordpress\/wp-content\/uploads\/2019\/11\/IMG_2863.jpg\"><img loading=\"lazy\" decoding=\"async\" class=\"size-full wp-image-5396\" src=\"https:\/\/www.feuerwehr-attendorn.de\/wordpress\/wp-content\/uploads\/2019\/11\/IMG_2863.jpg\" alt=\"\" width=\"2016\" height=\"1512\" srcset=\"https:\/\/www.feuerwehr-attendorn.de\/www\/wp-content\/uploads\/2019\/11\/IMG_2863.jpg 2016w, https:\/\/www.feuerwehr-attendorn.de\/www\/wp-content\/uploads\/2019\/11\/IMG_2863-300x225.jpg 300w, https:\/\/www.feuerwehr-attendorn.de\/www\/wp-content\/uploads\/2019\/11\/IMG_2863-1024x768.jpg 1024w, https:\/\/www.feuerwehr-attendorn.de\/www\/wp-content\/uploads\/2019\/11\/IMG_2863-768x576.jpg 768w, https:\/\/www.feuerwehr-attendorn.de\/www\/wp-content\/uploads\/2019\/11\/IMG_2863-1536x1152.jpg 1536w\" sizes=\"auto, (max-width: 2016px) 100vw, 2016px\" \/><\/a><figcaption id=\"caption-attachment-5396\" class=\"wp-caption-text\">Michael Busch, Thomas Horn und Lukas Vogt (v.l.n.r.) vom L\u00f6schzug Ennest freuten sich \u00fcber die erfolgreiche Teilnahme am Lehrgang.<\/figcaption><\/figure>\n<p>Insgesamt 15 Einsatzkr\u00e4fte der Attendorner Feuerwehr schlossen in den vergangenen Tagen die Ausbildung des Moduls A &#8222;Grundlagen der Motors\u00e4genarbeit&#8220; mit Erfolg ab. In jeweils kleineren Gruppen fanden vier Tage praktische Ausbildung in einem Waldst\u00fcck des Ruhrverbandes statt. Vorausgegangen waren mehrere theoretische Unterrichtseinheiten.<\/p>\n<p>Der Schwerpunkt des ersten von insgesamt vier Modulen liegt im Bereich der Grundt\u00e4tigkeiten im Umgang mit der Motors\u00e4ge. Die Lehrgangsleitung lag bei Brandinspektor Andreas Borschdorf vom L\u00f6schzug Attendorn.<\/p>\n<p><a href=\"https:\/\/www.feuerwehr-attendorn.de\/wordpress\/wp-content\/uploads\/2019\/11\/IMG_2865.jpg\"><img loading=\"lazy\" decoding=\"async\" class=\"aligncenter size-full wp-image-5397\" src=\"https:\/\/www.feuerwehr-attendorn.de\/wordpress\/wp-content\/uploads\/2019\/11\/IMG_2865.jpg\" alt=\"\" width=\"2016\" height=\"1512\" srcset=\"https:\/\/www.feuerwehr-attendorn.de\/www\/wp-content\/uploads\/2019\/11\/IMG_2865.jpg 2016w, https:\/\/www.feuerwehr-attendorn.de\/www\/wp-content\/uploads\/2019\/11\/IMG_2865-300x225.jpg 300w, https:\/\/www.feuerwehr-attendorn.de\/www\/wp-content\/uploads\/2019\/11\/IMG_2865-1024x768.jpg 1024w, https:\/\/www.feuerwehr-attendorn.de\/www\/wp-content\/uploads\/2019\/11\/IMG_2865-768x576.jpg 768w, https:\/\/www.feuerwehr-attendorn.de\/www\/wp-content\/uploads\/2019\/11\/IMG_2865-1536x1152.jpg 1536w\" sizes=\"auto, (max-width: 2016px) 100vw, 2016px\" \/><\/a><\/p>\n<p>&nbsp;<\/p>\n","protected":false},"excerpt":{"rendered":"<p>Insgesamt 15 Einsatzkr\u00e4fte der Attendorner Feuerwehr schlossen in den vergangenen Tagen die Ausbildung des Moduls A &#8222;Grundlagen der Motors\u00e4genarbeit&#8220; mit Erfolg ab. In jeweils kleineren Gruppen fanden vier Tage praktische Ausbildung in einem Waldst\u00fcck des Ruhrverbandes statt. Vorausgegangen waren mehrere&hellip;<\/p>\n","protected":false},"author":4,"featured_media":5396,"comment_status":"closed","ping_status":"open","sticky":false,"template":"","format":"standard","meta":{"pgc_sgb_lightbox_settings":"","cybocfi_hide_featured_image":"","footnotes":""},"categories":[5,2],"tags":[],"class_list":["post-5395","post","type-post","status-publish","format-standard","has-post-thumbnail","hentry","category-aktuelles","category-einsatzabteilung"],"_links":{"self":[{"href":"https:\/\/www.feuerwehr-attendorn.de\/www\/wp-json\/wp\/v2\/posts\/5395","targetHints":{"allow":["GET"]}}],"collection":[{"href":"https:\/\/www.feuerwehr-attendorn.de\/www\/wp-json\/wp\/v2\/posts"}],"about":[{"href":"https:\/\/www.feuerwehr-attendorn.de\/www\/wp-json\/wp\/v2\/types\/post"}],"author":[{"embeddable":true,"href":"https:\/\/www.feuerwehr-attendorn.de\/www\/wp-json\/wp\/v2\/users\/4"}],"replies":[{"embeddable":true,"href":"https:\/\/www.feuerwehr-attendorn.de\/www\/wp-json\/wp\/v2\/comments?post=5395"}],"version-history":[{"count":0,"href":"https:\/\/www.feuerwehr-attendorn.de\/www\/wp-json\/wp\/v2\/posts\/5395\/revisions"}],"wp:featuredmedia":[{"embeddable":true,"href":"https:\/\/www.feuerwehr-attendorn.de\/www\/wp-json\/wp\/v2\/media\/5396"}],"wp:attachment":[{"href":"https:\/\/www.feuerwehr-attendorn.de\/www\/wp-json\/wp\/v2\/media?parent=5395"}],"wp:term":[{"taxonomy":"category","embeddable":true,"href":"https:\/\/www.feuerwehr-attendorn.de\/www\/wp-json\/wp\/v2\/categories?post=5395"},{"taxonomy":"post_tag","embeddable":true,"href":"https:\/\/www.feuerwehr-attendorn.de\/www\/wp-json\/wp\/v2\/tags?post=5395"}],"curies":[{"name":"wp","href":"https:\/\/api.w.org\/{rel}","templated":true}]}}