{"id":6243,"date":"2021-05-18T11:05:06","date_gmt":"2021-05-18T09:05:06","guid":{"rendered":"https:\/\/www.feuerwehr-attendorn.de\/wordpress\/?p=6243"},"modified":"2021-05-18T11:05:06","modified_gmt":"2021-05-18T09:05:06","slug":"drei-verletze-bei-verkehrsunfall-auf-der-l-697","status":"publish","type":"post","link":"https:\/\/www.feuerwehr-attendorn.de\/www\/2021\/05\/18\/drei-verletze-bei-verkehrsunfall-auf-der-l-697\/","title":{"rendered":"Drei Verletze bei Unfall auf der L 697"},"content":{"rendered":"<div class=\"kvgmc6g5 cxmmr5t8 oygrvhab hcukyx3x c1et5uql ii04i59q\">\n<div dir=\"auto\"><img loading=\"lazy\" decoding=\"async\" class=\"aligncenter size-full wp-image-6244\" src=\"https:\/\/www.feuerwehr-attendorn.de\/wordpress\/wp-content\/uploads\/2021\/05\/20210517_VU_1.jpg\" alt=\"\" width=\"2000\" height=\"1337\" srcset=\"https:\/\/www.feuerwehr-attendorn.de\/www\/wp-content\/uploads\/2021\/05\/20210517_VU_1.jpg 2000w, https:\/\/www.feuerwehr-attendorn.de\/www\/wp-content\/uploads\/2021\/05\/20210517_VU_1-300x201.jpg 300w, https:\/\/www.feuerwehr-attendorn.de\/www\/wp-content\/uploads\/2021\/05\/20210517_VU_1-1024x685.jpg 1024w, https:\/\/www.feuerwehr-attendorn.de\/www\/wp-content\/uploads\/2021\/05\/20210517_VU_1-768x513.jpg 768w, https:\/\/www.feuerwehr-attendorn.de\/www\/wp-content\/uploads\/2021\/05\/20210517_VU_1-1536x1027.jpg 1536w\" sizes=\"auto, (max-width: 2000px) 100vw, 2000px\" \/><\/div>\n<div dir=\"auto\"><\/div>\n<div dir=\"auto\">Einsatz f\u00fcr Feuerwehr, Rettungsdienst und Polizei am gestrigen Montag (17.05.) um 13:20 Uhr. Auf der L 697 war es zwischen Attendorn und Attendorn-Keseberg zu einem Verkehrsunfall zwischen zwei PKW gekommen.<\/div>\n<\/div>\n<div class=\"o9v6fnle cxmmr5t8 oygrvhab hcukyx3x c1et5uql ii04i59q\">\n<div dir=\"auto\"><\/div>\n<div dir=\"auto\">Ein Fahrzeug blieb nach der Kollision auf der Beifahrerseite liegen. Aus diesem Fahrzeug musste eine Person durch die Einsatzkr\u00e4fte befreit werden. Parallel dazu wurde durch die Feuerwehr vor Ort der Brandschutz an den verunfallten Fahrzeugen sichergestellt und die Ausbreitung von auslaufenden Betriebsstoffen verhindert.<\/div>\n<div dir=\"auto\"><\/div>\n<\/div>\n<div dir=\"auto\"><img loading=\"lazy\" decoding=\"async\" class=\"aligncenter size-full wp-image-6247\" src=\"https:\/\/www.feuerwehr-attendorn.de\/wordpress\/wp-content\/uploads\/2021\/05\/20210517_VU_4.jpg\" alt=\"\" width=\"2000\" height=\"1337\" srcset=\"https:\/\/www.feuerwehr-attendorn.de\/www\/wp-content\/uploads\/2021\/05\/20210517_VU_4.jpg 2000w, https:\/\/www.feuerwehr-attendorn.de\/www\/wp-content\/uploads\/2021\/05\/20210517_VU_4-300x201.jpg 300w, https:\/\/www.feuerwehr-attendorn.de\/www\/wp-content\/uploads\/2021\/05\/20210517_VU_4-1024x685.jpg 1024w, https:\/\/www.feuerwehr-attendorn.de\/www\/wp-content\/uploads\/2021\/05\/20210517_VU_4-768x513.jpg 768w, https:\/\/www.feuerwehr-attendorn.de\/www\/wp-content\/uploads\/2021\/05\/20210517_VU_4-1536x1027.jpg 1536w\" sizes=\"auto, (max-width: 2000px) 100vw, 2000px\" \/><\/div>\n<div class=\"o9v6fnle cxmmr5t8 oygrvhab hcukyx3x c1et5uql ii04i59q\">\n<div dir=\"auto\"><\/div>\n<div dir=\"auto\">Zwei Insassen des anderen Fahrzeuges befanden sich beim Eintreffen der ersten Kr\u00e4fte bereits nicht mehr im Fahrzeug. Alle drei beteiligten Personen wurden durch den Rettungsdienst in Krankenh\u00e4user verbracht.<\/div>\n<\/div>\n<div class=\"o9v6fnle cxmmr5t8 oygrvhab hcukyx3x c1et5uql ii04i59q\">\n<div dir=\"auto\"><\/div>\n<div dir=\"auto\">F\u00fcr die Dauer der Arbeiten und die anschlie\u00dfende Unfallaufnahme der Polizei war die L 697 rund 1,5 Stunden gesperrt.<\/div>\n<\/div>\n<div class=\"o9v6fnle cxmmr5t8 oygrvhab hcukyx3x c1et5uql ii04i59q\">\n<div dir=\"auto\"><\/div>\n<div dir=\"auto\">Im Einsatz waren Einsatzkr\u00e4fte der L\u00f6schz\u00fcge Attendorn und Ebbe mit einem F\u00fchrungsfahrzeug, vier L\u00f6schfahrzeugen und einem Ger\u00e4tewagen. Seitens des Rettungsdienstes waren zwei Rettungswagen und eine Notarzteinsatzfahrzeug vor Ort. Unterst\u00fctzt wurden die Einsatzkr\u00e4fte durch &#8222;Helfer vor Ort&#8220; des DRK.<\/div>\n<div dir=\"auto\"><\/div>\n<\/div>\n<div dir=\"auto\"><img loading=\"lazy\" decoding=\"async\" class=\"aligncenter size-full wp-image-6246\" src=\"https:\/\/www.feuerwehr-attendorn.de\/wordpress\/wp-content\/uploads\/2021\/05\/20210517_VU_3.jpg\" alt=\"\" width=\"2000\" height=\"1337\" srcset=\"https:\/\/www.feuerwehr-attendorn.de\/www\/wp-content\/uploads\/2021\/05\/20210517_VU_3.jpg 2000w, https:\/\/www.feuerwehr-attendorn.de\/www\/wp-content\/uploads\/2021\/05\/20210517_VU_3-300x201.jpg 300w, https:\/\/www.feuerwehr-attendorn.de\/www\/wp-content\/uploads\/2021\/05\/20210517_VU_3-1024x685.jpg 1024w, https:\/\/www.feuerwehr-attendorn.de\/www\/wp-content\/uploads\/2021\/05\/20210517_VU_3-768x513.jpg 768w, https:\/\/www.feuerwehr-attendorn.de\/www\/wp-content\/uploads\/2021\/05\/20210517_VU_3-1536x1027.jpg 1536w\" sizes=\"auto, (max-width: 2000px) 100vw, 2000px\" \/><\/div>\n<div dir=\"auto\"><\/div>\n<div dir=\"auto\"><img loading=\"lazy\" decoding=\"async\" class=\"aligncenter size-full wp-image-6245\" src=\"https:\/\/www.feuerwehr-attendorn.de\/wordpress\/wp-content\/uploads\/2021\/05\/20210517_VU_2.jpg\" alt=\"\" width=\"2000\" height=\"1337\" srcset=\"https:\/\/www.feuerwehr-attendorn.de\/www\/wp-content\/uploads\/2021\/05\/20210517_VU_2.jpg 2000w, https:\/\/www.feuerwehr-attendorn.de\/www\/wp-content\/uploads\/2021\/05\/20210517_VU_2-300x201.jpg 300w, https:\/\/www.feuerwehr-attendorn.de\/www\/wp-content\/uploads\/2021\/05\/20210517_VU_2-1024x685.jpg 1024w, https:\/\/www.feuerwehr-attendorn.de\/www\/wp-content\/uploads\/2021\/05\/20210517_VU_2-768x513.jpg 768w, https:\/\/www.feuerwehr-attendorn.de\/www\/wp-content\/uploads\/2021\/05\/20210517_VU_2-1536x1027.jpg 1536w\" sizes=\"auto, (max-width: 2000px) 100vw, 2000px\" \/><\/div>\n","protected":false},"excerpt":{"rendered":"<p>Einsatz f\u00fcr Feuerwehr, Rettungsdienst und Polizei am gestrigen Montag (17.05.) um 13:20 Uhr. Auf der L 697 war es zwischen Attendorn und Attendorn-Keseberg zu einem Verkehrsunfall zwischen zwei PKW gekommen. Ein Fahrzeug blieb nach der Kollision auf der Beifahrerseite liegen.&hellip;<\/p>\n","protected":false},"author":4,"featured_media":6244,"comment_status":"closed","ping_status":"open","sticky":false,"template":"","format":"standard","meta":{"pgc_sgb_lightbox_settings":"","cybocfi_hide_featured_image":"","footnotes":""},"categories":[5,2,8,9,15],"tags":[],"class_list":["post-6243","post","type-post","status-publish","format-standard","has-post-thumbnail","hentry","category-aktuelles","category-einsatzabteilung","category-einsatzbericht","category-lz-attendorn","category-lz-ebbe"],"_links":{"self":[{"href":"https:\/\/www.feuerwehr-attendorn.de\/www\/wp-json\/wp\/v2\/posts\/6243","targetHints":{"allow":["GET"]}}],"collection":[{"href":"https:\/\/www.feuerwehr-attendorn.de\/www\/wp-json\/wp\/v2\/posts"}],"about":[{"href":"https:\/\/www.feuerwehr-attendorn.de\/www\/wp-json\/wp\/v2\/types\/post"}],"author":[{"embeddable":true,"href":"https:\/\/www.feuerwehr-attendorn.de\/www\/wp-json\/wp\/v2\/users\/4"}],"replies":[{"embeddable":true,"href":"https:\/\/www.feuerwehr-attendorn.de\/www\/wp-json\/wp\/v2\/comments?post=6243"}],"version-history":[{"count":0,"href":"https:\/\/www.feuerwehr-attendorn.de\/www\/wp-json\/wp\/v2\/posts\/6243\/revisions"}],"wp:featuredmedia":[{"embeddable":true,"href":"https:\/\/www.feuerwehr-attendorn.de\/www\/wp-json\/wp\/v2\/media\/6244"}],"wp:attachment":[{"href":"https:\/\/www.feuerwehr-attendorn.de\/www\/wp-json\/wp\/v2\/media?parent=6243"}],"wp:term":[{"taxonomy":"category","embeddable":true,"href":"https:\/\/www.feuerwehr-attendorn.de\/www\/wp-json\/wp\/v2\/categories?post=6243"},{"taxonomy":"post_tag","embeddable":true,"href":"https:\/\/www.feuerwehr-attendorn.de\/www\/wp-json\/wp\/v2\/tags?post=6243"}],"curies":[{"name":"wp","href":"https:\/\/api.w.org\/{rel}","templated":true}]}}