{"id":6458,"date":"2021-09-18T16:04:14","date_gmt":"2021-09-18T14:04:14","guid":{"rendered":"https:\/\/www.feuerwehr-attendorn.de\/wordpress\/?p=6458"},"modified":"2021-09-18T16:04:14","modified_gmt":"2021-09-18T14:04:14","slug":"brandeinsaetze-im-repe-und-ihnetal","status":"publish","type":"post","link":"https:\/\/www.feuerwehr-attendorn.de\/www\/2021\/09\/18\/brandeinsaetze-im-repe-und-ihnetal\/","title":{"rendered":"Brandeins\u00e4tze im Repe- und Ihnetal"},"content":{"rendered":"<p>Die Attendorner Feuerwehr wurde in den vergangenen Tagen zu Brandeins\u00e4tzen im Repe- und Ihnetal gerufen.<\/p>\n<p>Am Abend des 09. September kam es w\u00e4hrend eines Gewitters zum Brand einer Holzverschalung am Schornstein eines Wohngeb\u00e4udes in Attendorn-Helden. Die Leistelle Olpe alarmierte um 21:17 Uhr den \u00f6rtlich zust\u00e4ndigen L\u00f6schzug Repetal, sowie den Einsatzleitwagen und die Drehleiter des L\u00f6schzuges Attendorn, mit dem Einsatzstichwort Dachstuhlbrand.<\/p>\n<p>Durch den Einsatz von mehreren Trupps unter Atemschutz im Innangriff sowie \u00fcber tragbare Leitern und die Drehleiter im Au\u00dfenangriff, konnte ein \u00dcbergreifen des Feuers auf den Dachstuhl verhindert werden. Der Einsatz endete gegen 23:00 Uhr. Neben der Feuerwehr war der Rettungsdienst des Kreises Olpe und das DRK mit je einem RTW, sowie die Polizei vor Ort.<\/p>\n<p><img loading=\"lazy\" decoding=\"async\" class=\"aligncenter size-full wp-image-6459\" src=\"https:\/\/www.feuerwehr-attendorn.de\/wordpress\/wp-content\/uploads\/2021\/09\/repet1.jpg\" alt=\"\" width=\"1560\" height=\"739\" srcset=\"https:\/\/www.feuerwehr-attendorn.de\/www\/wp-content\/uploads\/2021\/09\/repet1.jpg 1560w, https:\/\/www.feuerwehr-attendorn.de\/www\/wp-content\/uploads\/2021\/09\/repet1-300x142.jpg 300w, https:\/\/www.feuerwehr-attendorn.de\/www\/wp-content\/uploads\/2021\/09\/repet1-1024x485.jpg 1024w, https:\/\/www.feuerwehr-attendorn.de\/www\/wp-content\/uploads\/2021\/09\/repet1-768x364.jpg 768w, https:\/\/www.feuerwehr-attendorn.de\/www\/wp-content\/uploads\/2021\/09\/repet1-1536x728.jpg 1536w\" sizes=\"auto, (max-width: 1560px) 100vw, 1560px\" \/><\/p>\n<p>&nbsp;<\/p>\n<p>Am 14. September kam gegen 13:45 Uhr zum Brand einer Transformator-Station an der Ihnetalstra\u00dfe. Der L\u00f6schzug Ihnetal, bestehend aus den L\u00f6schgruppen Listerscheid und Neu-Listernohl hatte das Feuer schnell unter Kontrolle. W\u00e4hrend der Arbeiten war die L 539 voll gesperrt.<\/p>\n<p>&nbsp;<\/p>\n<p><img loading=\"lazy\" decoding=\"async\" class=\"aligncenter size-full wp-image-6460\" src=\"https:\/\/www.feuerwehr-attendorn.de\/wordpress\/wp-content\/uploads\/2021\/09\/image0.jpeg\" alt=\"\" width=\"1600\" height=\"1200\" srcset=\"https:\/\/www.feuerwehr-attendorn.de\/www\/wp-content\/uploads\/2021\/09\/image0.jpeg 1600w, https:\/\/www.feuerwehr-attendorn.de\/www\/wp-content\/uploads\/2021\/09\/image0-300x225.jpeg 300w, https:\/\/www.feuerwehr-attendorn.de\/www\/wp-content\/uploads\/2021\/09\/image0-1024x768.jpeg 1024w, https:\/\/www.feuerwehr-attendorn.de\/www\/wp-content\/uploads\/2021\/09\/image0-768x576.jpeg 768w, https:\/\/www.feuerwehr-attendorn.de\/www\/wp-content\/uploads\/2021\/09\/image0-1536x1152.jpeg 1536w\" sizes=\"auto, (max-width: 1600px) 100vw, 1600px\" \/><\/p>\n","protected":false},"excerpt":{"rendered":"<p>Die Attendorner Feuerwehr wurde in den vergangenen Tagen zu Brandeins\u00e4tzen im Repe- und Ihnetal gerufen. Am Abend des 09. September kam es w\u00e4hrend eines Gewitters zum Brand einer Holzverschalung am Schornstein eines Wohngeb\u00e4udes in Attendorn-Helden. Die Leistelle Olpe alarmierte um&hellip;<\/p>\n","protected":false},"author":4,"featured_media":6459,"comment_status":"closed","ping_status":"open","sticky":false,"template":"","format":"standard","meta":{"pgc_sgb_lightbox_settings":"","cybocfi_hide_featured_image":"","footnotes":""},"categories":[5,2,9,10,12],"tags":[],"class_list":["post-6458","post","type-post","status-publish","format-standard","has-post-thumbnail","hentry","category-aktuelles","category-einsatzabteilung","category-lz-attendorn","category-lz-ihnetal","category-lz-repetal"],"_links":{"self":[{"href":"https:\/\/www.feuerwehr-attendorn.de\/www\/wp-json\/wp\/v2\/posts\/6458","targetHints":{"allow":["GET"]}}],"collection":[{"href":"https:\/\/www.feuerwehr-attendorn.de\/www\/wp-json\/wp\/v2\/posts"}],"about":[{"href":"https:\/\/www.feuerwehr-attendorn.de\/www\/wp-json\/wp\/v2\/types\/post"}],"author":[{"embeddable":true,"href":"https:\/\/www.feuerwehr-attendorn.de\/www\/wp-json\/wp\/v2\/users\/4"}],"replies":[{"embeddable":true,"href":"https:\/\/www.feuerwehr-attendorn.de\/www\/wp-json\/wp\/v2\/comments?post=6458"}],"version-history":[{"count":0,"href":"https:\/\/www.feuerwehr-attendorn.de\/www\/wp-json\/wp\/v2\/posts\/6458\/revisions"}],"wp:featuredmedia":[{"embeddable":true,"href":"https:\/\/www.feuerwehr-attendorn.de\/www\/wp-json\/wp\/v2\/media\/6459"}],"wp:attachment":[{"href":"https:\/\/www.feuerwehr-attendorn.de\/www\/wp-json\/wp\/v2\/media?parent=6458"}],"wp:term":[{"taxonomy":"category","embeddable":true,"href":"https:\/\/www.feuerwehr-attendorn.de\/www\/wp-json\/wp\/v2\/categories?post=6458"},{"taxonomy":"post_tag","embeddable":true,"href":"https:\/\/www.feuerwehr-attendorn.de\/www\/wp-json\/wp\/v2\/tags?post=6458"}],"curies":[{"name":"wp","href":"https:\/\/api.w.org\/{rel}","templated":true}]}}