{"id":680,"date":"2016-05-16T14:18:12","date_gmt":"2016-05-16T12:18:12","guid":{"rendered":"http:\/\/www.feuerwehr-attendorn.de\/wordpress\/?p=680"},"modified":"2016-05-16T14:18:12","modified_gmt":"2016-05-16T12:18:12","slug":"feuerwehr-besucht-bundeshauptstadt","status":"publish","type":"post","link":"https:\/\/www.feuerwehr-attendorn.de\/www\/2016\/05\/16\/feuerwehr-besucht-bundeshauptstadt\/","title":{"rendered":"Feuerwehr besucht Bundeshauptstadt"},"content":{"rendered":"<p>In den vergangenen Tagen war eine Reisegruppe der Attendorner Feuerwehr auf Einladung des Bundestagsabgeordneten Dr. Matthias Heiderzu Gast in Berlin. Herr Dr. Heider war vor einiger Zeit in der Hansestadt, um sich \u00fcber die T\u00e4tigkeiten der Attendorner Feuerwehr zu informieren und hatte nun zum Gegenbesuch geladen.<\/p>\n<p>Die vom Presse- und Informationsamt der Bundesregierung organisierte Reise f\u00fchrte die Teilnehmer unter anderem in das Reichstagsgeb\u00e4ude, wo neben einer Teilnahme a<span class=\"text_exposed_show\">n einer Plenarsitzung, auch der Empfang durch Dr. Heider, sowie eine anschlie\u00dfende Diskussionsrunde zu aktuellen politischen Themen auf dem Programm stand. Der volle Programmplan f\u00fchrte die Gruppe au\u00dferdem ins Bundesministerium f\u00fcr Verkehr und digitale Infrastruktur, das Konrad Adenauer Haus, sowie in die Gedenkst\u00e4tte Berlin-Hohensch\u00f6nhausen. Der Besuch einiger Ausstellungen, eine Stadtrundfahrt, sowie eine Schifffahrt auf der Spree rundeten den viert\u00e4gigen Besuch der Hauptstadt ab, der vielen Teilnehmern sicher lange in guter Erinnerung bleiben wird. Wir bedanken uns bei Dr. Matthias Heider f\u00fcr die freundliche Einladung.<\/span><\/p>\n<div class=\"text_exposed_show\">\n<p>Unser Bild zeigt die Reisegruppe der Feuerwehr zusammen mit Dr. Heider vor der Kuppel des Reichstagsgeb\u00e4udes.<\/p>\n<\/div>\n","protected":false},"excerpt":{"rendered":"<p>In den vergangenen Tagen war eine Reisegruppe der Attendorner Feuerwehr auf Einladung des Bundestagsabgeordneten Dr. Matthias Heiderzu Gast in Berlin. Herr Dr. Heider war vor einiger Zeit in der Hansestadt, um sich \u00fcber die T\u00e4tigkeiten der Attendorner Feuerwehr zu informieren&hellip;<\/p>\n","protected":false},"author":4,"featured_media":681,"comment_status":"closed","ping_status":"open","sticky":false,"template":"","format":"standard","meta":{"pgc_sgb_lightbox_settings":"","cybocfi_hide_featured_image":"","footnotes":""},"categories":[2],"tags":[],"class_list":["post-680","post","type-post","status-publish","format-standard","has-post-thumbnail","hentry","category-einsatzabteilung"],"_links":{"self":[{"href":"https:\/\/www.feuerwehr-attendorn.de\/www\/wp-json\/wp\/v2\/posts\/680","targetHints":{"allow":["GET"]}}],"collection":[{"href":"https:\/\/www.feuerwehr-attendorn.de\/www\/wp-json\/wp\/v2\/posts"}],"about":[{"href":"https:\/\/www.feuerwehr-attendorn.de\/www\/wp-json\/wp\/v2\/types\/post"}],"author":[{"embeddable":true,"href":"https:\/\/www.feuerwehr-attendorn.de\/www\/wp-json\/wp\/v2\/users\/4"}],"replies":[{"embeddable":true,"href":"https:\/\/www.feuerwehr-attendorn.de\/www\/wp-json\/wp\/v2\/comments?post=680"}],"version-history":[{"count":0,"href":"https:\/\/www.feuerwehr-attendorn.de\/www\/wp-json\/wp\/v2\/posts\/680\/revisions"}],"wp:featuredmedia":[{"embeddable":true,"href":"https:\/\/www.feuerwehr-attendorn.de\/www\/wp-json\/wp\/v2\/media\/681"}],"wp:attachment":[{"href":"https:\/\/www.feuerwehr-attendorn.de\/www\/wp-json\/wp\/v2\/media?parent=680"}],"wp:term":[{"taxonomy":"category","embeddable":true,"href":"https:\/\/www.feuerwehr-attendorn.de\/www\/wp-json\/wp\/v2\/categories?post=680"},{"taxonomy":"post_tag","embeddable":true,"href":"https:\/\/www.feuerwehr-attendorn.de\/www\/wp-json\/wp\/v2\/tags?post=680"}],"curies":[{"name":"wp","href":"https:\/\/api.w.org\/{rel}","templated":true}]}}