{"id":720,"date":"2016-09-26T15:58:07","date_gmt":"2016-09-26T13:58:07","guid":{"rendered":"http:\/\/www.feuerwehr-attendorn.de\/wordpress\/?p=720"},"modified":"2016-09-26T15:58:07","modified_gmt":"2016-09-26T13:58:07","slug":"zwei-gruppen-erringen-die-leistungsspange","status":"publish","type":"post","link":"https:\/\/www.feuerwehr-attendorn.de\/www\/2016\/09\/26\/zwei-gruppen-erringen-die-leistungsspange\/","title":{"rendered":"Zwei Gruppen erringen die Leistungsspange"},"content":{"rendered":"<p>Erfolgreiche Leistungsspangenabnahme in Erndtebr\u00fcck! Am vergangenen Samstag nahm die Attendorner Jugendfeuerwehr mit zwei Gruppen erfolgreich an der Abnahme der Leistungsspange der Deutschen Jugendfeuerwehr in Erndtebr\u00fcck teil.<\/p>\n<p>Die Leistungsspange der Deutschen Jugendfeuerwehr erfordert eine f\u00fcnffache Leistung innerhalb der Gemeinschaft der taktischen Gliederung der L\u00f6schgruppe. Diese Leistungsbewertung erstreckt sich auf gute pers\u00f6nliche Haltung und geordnetes und geschlosse<span class=\"text_exposed_show\">nes Auftreten, auf Schnelligkeit und Ausdauer, auf K\u00f6rperst\u00e4rke und K\u00f6rpergewandtheit und auf ausreichendes feuerwehrtechnisches und allgemeines Wissen und K\u00f6nnen. Die Leistungsspange ist die h\u00f6chste Auszeichnung f\u00fcr ein Mitglied der Deutschen Jugendfeuerwehr.<\/span><\/p>\n<div class=\"text_exposed_show\">\n<p>Erfolgreich teilgenommen haben: Svenja Lea Vaessen, Manuel Dodero Babera, Maurice Stamm, Marvin Luke, Nico Wurm, Justin Hildebrandt, Jonas Johannes, Leon Hunfeld, Jos Van Trappen, Niklas Wacker, Timo Keseberg, Felix Belke, Jan Marc Rauterkus, Florian Wildhack, Nico Schrage<\/p>\n<p>Neben den f\u00fcnf Ausbildern z\u00e4hlte auch Stadtjugendfeuerwehrwart R\u00fcdiger Welniak zu den ersten Gratulanten vor Ort.<\/p>\n<\/div>\n","protected":false},"excerpt":{"rendered":"<p>Erfolgreiche Leistungsspangenabnahme in Erndtebr\u00fcck! Am vergangenen Samstag nahm die Attendorner Jugendfeuerwehr mit zwei Gruppen erfolgreich an der Abnahme der Leistungsspange der Deutschen Jugendfeuerwehr in Erndtebr\u00fcck teil. Die Leistungsspange der Deutschen Jugendfeuerwehr erfordert eine f\u00fcnffache Leistung innerhalb der Gemeinschaft der taktischen&hellip;<\/p>\n","protected":false},"author":4,"featured_media":721,"comment_status":"closed","ping_status":"open","sticky":false,"template":"","format":"standard","meta":{"pgc_sgb_lightbox_settings":"","cybocfi_hide_featured_image":"","footnotes":""},"categories":[13],"tags":[],"class_list":["post-720","post","type-post","status-publish","format-standard","has-post-thumbnail","hentry","category-jugendfeuerwehr"],"_links":{"self":[{"href":"https:\/\/www.feuerwehr-attendorn.de\/www\/wp-json\/wp\/v2\/posts\/720","targetHints":{"allow":["GET"]}}],"collection":[{"href":"https:\/\/www.feuerwehr-attendorn.de\/www\/wp-json\/wp\/v2\/posts"}],"about":[{"href":"https:\/\/www.feuerwehr-attendorn.de\/www\/wp-json\/wp\/v2\/types\/post"}],"author":[{"embeddable":true,"href":"https:\/\/www.feuerwehr-attendorn.de\/www\/wp-json\/wp\/v2\/users\/4"}],"replies":[{"embeddable":true,"href":"https:\/\/www.feuerwehr-attendorn.de\/www\/wp-json\/wp\/v2\/comments?post=720"}],"version-history":[{"count":0,"href":"https:\/\/www.feuerwehr-attendorn.de\/www\/wp-json\/wp\/v2\/posts\/720\/revisions"}],"wp:featuredmedia":[{"embeddable":true,"href":"https:\/\/www.feuerwehr-attendorn.de\/www\/wp-json\/wp\/v2\/media\/721"}],"wp:attachment":[{"href":"https:\/\/www.feuerwehr-attendorn.de\/www\/wp-json\/wp\/v2\/media?parent=720"}],"wp:term":[{"taxonomy":"category","embeddable":true,"href":"https:\/\/www.feuerwehr-attendorn.de\/www\/wp-json\/wp\/v2\/categories?post=720"},{"taxonomy":"post_tag","embeddable":true,"href":"https:\/\/www.feuerwehr-attendorn.de\/www\/wp-json\/wp\/v2\/tags?post=720"}],"curies":[{"name":"wp","href":"https:\/\/api.w.org\/{rel}","templated":true}]}}