{"id":7213,"date":"2022-07-21T08:16:06","date_gmt":"2022-07-21T06:16:06","guid":{"rendered":"https:\/\/www.feuerwehr-attendorn.de\/wordpress\/?p=7213"},"modified":"2022-07-21T08:16:06","modified_gmt":"2022-07-21T06:16:06","slug":"verkehrsunfall-auf-der-l-512-2","status":"publish","type":"post","link":"https:\/\/www.feuerwehr-attendorn.de\/www\/2022\/07\/21\/verkehrsunfall-auf-der-l-512-2\/","title":{"rendered":"Verkehrsunfall auf der L 512"},"content":{"rendered":"<p><img loading=\"lazy\" decoding=\"async\" class=\"alignnone size-full wp-image-7215\" src=\"https:\/\/www.feuerwehr-attendorn.de\/wordpress\/wp-content\/uploads\/2022\/07\/20220720_vu1.png\" alt=\"\" width=\"1500\" height=\"1125\" srcset=\"https:\/\/www.feuerwehr-attendorn.de\/www\/wp-content\/uploads\/2022\/07\/20220720_vu1.png 1500w, https:\/\/www.feuerwehr-attendorn.de\/www\/wp-content\/uploads\/2022\/07\/20220720_vu1-300x225.png 300w, https:\/\/www.feuerwehr-attendorn.de\/www\/wp-content\/uploads\/2022\/07\/20220720_vu1-1024x768.png 1024w, https:\/\/www.feuerwehr-attendorn.de\/www\/wp-content\/uploads\/2022\/07\/20220720_vu1-768x576.png 768w\" sizes=\"auto, (max-width: 1500px) 100vw, 1500px\" \/><\/p>\n<p>Auf der L 512 kam es zwischen dem Abzweig Ihnestra\u00dfe und dem Abzweig Listertalstra\u00dfe am gestrigen Nachmittag zu einem Verkehrsunfall mit insgesamt vier beteiligten Fahrzeugen und sieben beteiligten Personen. Nach einer Sichtung durch den Rettungsdienst wurde eine verletze Person vor Ort ambulant behandelt.<\/p>\n<p><img loading=\"lazy\" decoding=\"async\" class=\"alignnone size-full wp-image-7214\" src=\"https:\/\/www.feuerwehr-attendorn.de\/wordpress\/wp-content\/uploads\/2022\/07\/20220720_vu2.png\" alt=\"\" width=\"1500\" height=\"1125\" srcset=\"https:\/\/www.feuerwehr-attendorn.de\/www\/wp-content\/uploads\/2022\/07\/20220720_vu2.png 1500w, https:\/\/www.feuerwehr-attendorn.de\/www\/wp-content\/uploads\/2022\/07\/20220720_vu2-300x225.png 300w, https:\/\/www.feuerwehr-attendorn.de\/www\/wp-content\/uploads\/2022\/07\/20220720_vu2-1024x768.png 1024w, https:\/\/www.feuerwehr-attendorn.de\/www\/wp-content\/uploads\/2022\/07\/20220720_vu2-768x576.png 768w\" sizes=\"auto, (max-width: 1500px) 100vw, 1500px\" \/><\/p>\n<p>Neben dem Rettungdienst des Kreises Olpe, der mit drei Rettungswagen und einem Notarzteinsatzfahrzeug vor Ort war, wurde um 15:20 Uhr der L\u00f6schzug Ihnetal alarmiert. Auslaufende Betriebsstoffe wurden mit Bindemittel gebunden und ein sicherer Stra\u00dfenzustand hergestellt. Die Einsatzstelle wurde gegen Brandgefahr abgesichert. F\u00fcr die Dauer der Arbeiten war die L 512 zwischen den oben genannten Kreuzungspunkten voll gesperrt.<\/p>\n<p>Parallel zu diesem Einsatz r\u00fcckte ein L\u00f6schfahrzeug des L\u00f6schzuges Attendorn 15:45 Uhr zu einem Kleinbrand im Au\u00dfenbereich eines Industriebetriebes in der K\u00f6lner Stra\u00dfe aus.<\/p>\n<p>Um 23:38 Uhr erfolgte der letzte Alarm des Tages. Abermals r\u00fcckte ein L\u00f6schfahrzeug des L\u00f6schzuges Attendorn aus. In der Brunnengasse waren bei einem Gewitter teile eines Baumes auf ein Fahrzeug gest\u00fcrzt.<\/p>\n","protected":false},"excerpt":{"rendered":"<p>Auf der L 512 kam es zwischen dem Abzweig Ihnestra\u00dfe und dem Abzweig Listertalstra\u00dfe am gestrigen Nachmittag zu einem Verkehrsunfall mit insgesamt vier beteiligten Fahrzeugen und sieben beteiligten Personen. Nach einer Sichtung durch den Rettungsdienst wurde eine verletze Person vor&hellip;<\/p>\n","protected":false},"author":4,"featured_media":7215,"comment_status":"closed","ping_status":"open","sticky":false,"template":"","format":"standard","meta":{"pgc_sgb_lightbox_settings":"","cybocfi_hide_featured_image":"","footnotes":""},"categories":[5,2,8,9,10],"tags":[],"class_list":["post-7213","post","type-post","status-publish","format-standard","has-post-thumbnail","hentry","category-aktuelles","category-einsatzabteilung","category-einsatzbericht","category-lz-attendorn","category-lz-ihnetal"],"_links":{"self":[{"href":"https:\/\/www.feuerwehr-attendorn.de\/www\/wp-json\/wp\/v2\/posts\/7213","targetHints":{"allow":["GET"]}}],"collection":[{"href":"https:\/\/www.feuerwehr-attendorn.de\/www\/wp-json\/wp\/v2\/posts"}],"about":[{"href":"https:\/\/www.feuerwehr-attendorn.de\/www\/wp-json\/wp\/v2\/types\/post"}],"author":[{"embeddable":true,"href":"https:\/\/www.feuerwehr-attendorn.de\/www\/wp-json\/wp\/v2\/users\/4"}],"replies":[{"embeddable":true,"href":"https:\/\/www.feuerwehr-attendorn.de\/www\/wp-json\/wp\/v2\/comments?post=7213"}],"version-history":[{"count":0,"href":"https:\/\/www.feuerwehr-attendorn.de\/www\/wp-json\/wp\/v2\/posts\/7213\/revisions"}],"wp:featuredmedia":[{"embeddable":true,"href":"https:\/\/www.feuerwehr-attendorn.de\/www\/wp-json\/wp\/v2\/media\/7215"}],"wp:attachment":[{"href":"https:\/\/www.feuerwehr-attendorn.de\/www\/wp-json\/wp\/v2\/media?parent=7213"}],"wp:term":[{"taxonomy":"category","embeddable":true,"href":"https:\/\/www.feuerwehr-attendorn.de\/www\/wp-json\/wp\/v2\/categories?post=7213"},{"taxonomy":"post_tag","embeddable":true,"href":"https:\/\/www.feuerwehr-attendorn.de\/www\/wp-json\/wp\/v2\/tags?post=7213"}],"curies":[{"name":"wp","href":"https:\/\/api.w.org\/{rel}","templated":true}]}}