{"id":7966,"date":"2023-05-19T09:07:20","date_gmt":"2023-05-19T07:07:20","guid":{"rendered":"https:\/\/www.feuerwehr-attendorn.de\/wordpress\/?p=7966"},"modified":"2023-05-19T09:07:20","modified_gmt":"2023-05-19T07:07:20","slug":"jugendfeuerwehr-feiert-50-geburtstag","status":"publish","type":"post","link":"https:\/\/www.feuerwehr-attendorn.de\/www\/2023\/05\/19\/jugendfeuerwehr-feiert-50-geburtstag\/","title":{"rendered":"Jugendfeuerwehr feiert 50. Geburtstag"},"content":{"rendered":"<p>Einen runden Geburtstag feiert die Jugendfeuerwehr Attendorn am kommenden Wochenende. Gegr\u00fcndet am 20. Mai 1973, j\u00e4hrt sich dieser Tag nun zum 50. Mal.<\/p>\n<p>Nach einem Festabend am Samstag in der Stadthalle findet am Sonntag ein gro\u00dfes Fest in der Attendorner Innenstadt rund um den Marktplatz statt. Hier startet ab 11.00 Uhr ein Programm f\u00fcr die ganze Familie. Dazu geh\u00f6ren \u00dcbungen der Jugendfeuerwehr, ein Menschenkicker sowie viele weitere Freizeitaktionen. Nat\u00fcrlich d\u00fcrfen keine Fahrzeuge der Feuerwehr fehlen, die ausf\u00fchrlich besichtigt werden k\u00f6nnen. Ob auch ein Flugfeldl\u00f6schfahrzeug der Bundeswehr nach Attendorn kommt, steht aktuell noch nicht fest. Alle Familien und besonders die Kinder sind herzlich dazu eingeladen, gemeinsam mit der Jugendfeuerwehr Attendorn zu feiern.<\/p>\n<p><img loading=\"lazy\" decoding=\"async\" class=\"aligncenter size-full wp-image-7969\" src=\"https:\/\/www.feuerwehr-attendorn.de\/wordpress\/wp-content\/uploads\/2023\/05\/Plakat-Innenstadt.jpg\" alt=\"\" width=\"703\" height=\"1002\" srcset=\"https:\/\/www.feuerwehr-attendorn.de\/www\/wp-content\/uploads\/2023\/05\/Plakat-Innenstadt.jpg 703w, https:\/\/www.feuerwehr-attendorn.de\/www\/wp-content\/uploads\/2023\/05\/Plakat-Innenstadt-210x300.jpg 210w\" sizes=\"auto, (max-width: 703px) 100vw, 703px\" \/><\/p>\n","protected":false},"excerpt":{"rendered":"<p>Einen runden Geburtstag feiert die Jugendfeuerwehr Attendorn am kommenden Wochenende. Gegr\u00fcndet am 20. Mai 1973, j\u00e4hrt sich dieser Tag nun zum 50. Mal. Nach einem Festabend am Samstag in der Stadthalle findet am Sonntag ein gro\u00dfes Fest in der Attendorner&hellip;<\/p>\n","protected":false},"author":2,"featured_media":7969,"comment_status":"closed","ping_status":"open","sticky":false,"template":"","format":"standard","meta":{"pgc_sgb_lightbox_settings":"","cybocfi_hide_featured_image":"","footnotes":""},"categories":[5],"tags":[],"class_list":["post-7966","post","type-post","status-publish","format-standard","has-post-thumbnail","hentry","category-aktuelles"],"_links":{"self":[{"href":"https:\/\/www.feuerwehr-attendorn.de\/www\/wp-json\/wp\/v2\/posts\/7966","targetHints":{"allow":["GET"]}}],"collection":[{"href":"https:\/\/www.feuerwehr-attendorn.de\/www\/wp-json\/wp\/v2\/posts"}],"about":[{"href":"https:\/\/www.feuerwehr-attendorn.de\/www\/wp-json\/wp\/v2\/types\/post"}],"author":[{"embeddable":true,"href":"https:\/\/www.feuerwehr-attendorn.de\/www\/wp-json\/wp\/v2\/users\/2"}],"replies":[{"embeddable":true,"href":"https:\/\/www.feuerwehr-attendorn.de\/www\/wp-json\/wp\/v2\/comments?post=7966"}],"version-history":[{"count":0,"href":"https:\/\/www.feuerwehr-attendorn.de\/www\/wp-json\/wp\/v2\/posts\/7966\/revisions"}],"wp:featuredmedia":[{"embeddable":true,"href":"https:\/\/www.feuerwehr-attendorn.de\/www\/wp-json\/wp\/v2\/media\/7969"}],"wp:attachment":[{"href":"https:\/\/www.feuerwehr-attendorn.de\/www\/wp-json\/wp\/v2\/media?parent=7966"}],"wp:term":[{"taxonomy":"category","embeddable":true,"href":"https:\/\/www.feuerwehr-attendorn.de\/www\/wp-json\/wp\/v2\/categories?post=7966"},{"taxonomy":"post_tag","embeddable":true,"href":"https:\/\/www.feuerwehr-attendorn.de\/www\/wp-json\/wp\/v2\/tags?post=7966"}],"curies":[{"name":"wp","href":"https:\/\/api.w.org\/{rel}","templated":true}]}}