{"id":9742,"date":"2023-12-09T16:16:09","date_gmt":"2023-12-09T15:16:09","guid":{"rendered":"https:\/\/www.feuerwehr-attendorn.de\/www\/?p=9742"},"modified":"2023-12-10T17:20:41","modified_gmt":"2023-12-10T16:20:41","slug":"einsatzreiches-jahr-karl-josef-hammer-wird-ehrenmitglied","status":"publish","type":"post","link":"https:\/\/www.feuerwehr-attendorn.de\/www\/2023\/12\/09\/einsatzreiches-jahr-karl-josef-hammer-wird-ehrenmitglied\/","title":{"rendered":"Einsatzreiches Jahr &#8211; Karl-Josef Hammer wird Ehrenmitglied"},"content":{"rendered":"\n<p>Auf ein Ereignisreiches Jahr blickte Attendorns Leiter der Feuerwehr, Tobias Bock, am vergangenen Samstag zur\u00fcck. Denn es gab viel zu berichten \u00fcber die insgesamt 639 Mitglieder, die ehrenamtlich gef\u00fchrt werden. Seien es die 307 Eins\u00e4tze, zu denen die sieben Einheiten im Berichtsjahr alarmiert wurden. Oder aber die 14 Aus- und Fortbildungsveranstaltungen, an denen insgesamt 75 Feuerwehrkr\u00e4fte der Einsatzabteilung teilnahmen.<\/p>\n\n\n\n<p>Einen besonderen Stellenwert nahm auch die Jugendfeuerwehr ein, die in diesem Jahr ihren 50. Geburtstag feiern konnte. So konnte Tobias Bock \u00fcber die zahlreichen Aktivit\u00e4ten berichten, die die mittlerweile 88 Personen starke Nachwuchseinheit absolviert hat. H\u00f6hepunkt war hier eine Mehrtagestour in die L\u00fcneburger Heide zum Abschluss des Jubil\u00e4umsjahres.<\/p>\n\n\n\n<p>Zuletzt berichtete Attendorns Feuerwehr-Chef \u00fcber die vielen Auftritte und Konzerte der zwei Musikz\u00fcge und des Spielmannszuges Listerscheid.<\/p>\n\n\n\n<p>Attendorns B\u00fcrgermeister Christian Pospischil zog ein verhaltenes Res\u00fcmee. Mann sei zwar bei der Beschaffung von Fahrzeugen und pers. Schutzausr\u00fcstungen gut aufgestellt, aber die Bauma\u00dfnahmen an verschiedenen Feuerwehrh\u00e4usern gingen doch nur sehr schleppend voran. Und der Hacker-Angriff auf die SIT tat sein \u00dcbriges dazu, dass verschiedene Genehmigungsverfahren aktuell nicht weitergebracht werden k\u00f6nnen.<\/p>\n\n\n\n<p>Besonders festlich wurde es, als der stellv. Kreisbrandmeister, Thomas Hengstebeck, die B\u00fchne betrat und dabei ein besondere Ehrung in der Tasche hatte. So wurde Dirk M\u00fchlhan, viele Jahre Einheitsf\u00fchrer in Neu-Listernohl mit dem Feuerwehr-Ehrenkreuz in Bronze ausgezeichnet. \u201eEine Ehrung, die in der Bundesrepublik Deutschland nur 800-mal im Jahr vollzogen wird\u201c, so der Brandsch\u00fctzer aus Olpe. \u201eWir haben heute einen Abend mit vielen \u00dcberraschungen\u201c, meinte Tobias Bock und ernannte sodann Karl-Josef Hammer zum Ehrenmitglied der Attendorner Feuerwehr. \u201eAls Leiter des Ordnungsamtes hast Du sicher manch graues Haar wegen der Feuerwehr bekommen\u201c, so Bock in seiner Begr\u00fcndung. \u201eAber Du hast dich \u00fcber viele Jahre f\u00fcr die Feuerwehr stark gemacht und ist es eine Ehrung, die noch nicht viele Privatpersonen au\u00dferhalb der Feuerwehr erhalten haben\u201c.<\/p>\n\n\n\n<figure class=\"wp-block-image size-large\"><img loading=\"lazy\" decoding=\"async\" width=\"1024\" height=\"684\" src=\"https:\/\/www.feuerwehr-attendorn.de\/www\/wp-content\/uploads\/2023\/12\/Dirk-Muelhan-1024x684.jpg\" alt=\"\" class=\"wp-image-9746\" srcset=\"https:\/\/www.feuerwehr-attendorn.de\/www\/wp-content\/uploads\/2023\/12\/Dirk-Muelhan-1024x684.jpg 1024w, https:\/\/www.feuerwehr-attendorn.de\/www\/wp-content\/uploads\/2023\/12\/Dirk-Muelhan-300x201.jpg 300w, https:\/\/www.feuerwehr-attendorn.de\/www\/wp-content\/uploads\/2023\/12\/Dirk-Muelhan-768x513.jpg 768w, https:\/\/www.feuerwehr-attendorn.de\/www\/wp-content\/uploads\/2023\/12\/Dirk-Muelhan-1536x1027.jpg 1536w, https:\/\/www.feuerwehr-attendorn.de\/www\/wp-content\/uploads\/2023\/12\/Dirk-Muelhan-2048x1369.jpg 2048w\" sizes=\"auto, (max-width: 1024px) 100vw, 1024px\" \/><figcaption class=\"wp-element-caption\">LdF Tobias Bock, stv. LdF Frank Schmidt, Dirk M\u00fchlhan, stv. KBM Thomas Hengstebeck, stv. LdF Peter Heuel (v.l.n.r.)<\/figcaption><\/figure>\n\n\n\n<p>Neben den beiden besonderen Ehrungen gab es in der Sch\u00fctzenhalle Windhausen aber auch viele Regularien, Dazu geh\u00f6rten zahlreiche Bef\u00f6rderungen und Ernennungen.<\/p>\n\n\n\n<figure class=\"wp-block-image size-large\"><img loading=\"lazy\" decoding=\"async\" width=\"1024\" height=\"684\" src=\"https:\/\/www.feuerwehr-attendorn.de\/www\/wp-content\/uploads\/2023\/12\/Ernnennungen-1024x684.jpg\" alt=\"\" class=\"wp-image-9744\" srcset=\"https:\/\/www.feuerwehr-attendorn.de\/www\/wp-content\/uploads\/2023\/12\/Ernnennungen-1024x684.jpg 1024w, https:\/\/www.feuerwehr-attendorn.de\/www\/wp-content\/uploads\/2023\/12\/Ernnennungen-300x201.jpg 300w, https:\/\/www.feuerwehr-attendorn.de\/www\/wp-content\/uploads\/2023\/12\/Ernnennungen-768x513.jpg 768w, https:\/\/www.feuerwehr-attendorn.de\/www\/wp-content\/uploads\/2023\/12\/Ernnennungen-1536x1027.jpg 1536w, https:\/\/www.feuerwehr-attendorn.de\/www\/wp-content\/uploads\/2023\/12\/Ernnennungen-2048x1369.jpg 2048w\" sizes=\"auto, (max-width: 1024px) 100vw, 1024px\" \/><figcaption class=\"wp-element-caption\">Ernennungen<\/figcaption><\/figure>\n\n\n\n<h3 class=\"wp-block-heading\">Ernennungen<\/h3>\n\n\n\n<ul class=\"wp-block-list\">\n<li>J\u00f6rg K\u00f6ster, zum Einheitsf\u00fchrer LZ Repetal<\/li>\n\n\n\n<li>Tobias Sondermann, zum stellv. Einheitsf\u00fchrer LZ Repetal<\/li>\n\n\n\n<li>Christopher Huperz, zum Einheitsf\u00fchrer LZ Attendorn<\/li>\n\n\n\n<li>Sascha Klein, zum stellv. Einheitsf\u00fchrer LZ Attendorn<\/li>\n\n\n\n<li>Michael Siepe, zum Einheitsf\u00fchrer LZ Ennest<\/li>\n\n\n\n<li>Lukas Vogt, zum stellv. Einheitsf\u00fchrer LZ Ennest<\/li>\n\n\n\n<li>Patrick Schn\u00fcttgen, zum Einheitsf\u00fchrer LZ Ihnetal<\/li>\n\n\n\n<li>Kevin Forchert, zum stellv. Einheitsf\u00fchrer LZ Ihnetal<\/li>\n\n\n\n<li>Markus Br\u00fcggemann, zum Stabf\u00fchrer MZ Attendorn<\/li>\n\n\n\n<li>Tobias Horten, zum Einheitsf\u00fchrer MZ Ennest<\/li>\n\n\n\n<li>David Frey, zum stellv. Einheitsf\u00fchrer MZ Ennest<\/li>\n\n\n\n<li>Josua Monsem, zum stv. Stadtjugendfeuerwehrwart<\/li>\n\n\n\n<li>Melanie H\u00f6ffer, zur Stadtkinderfeuerwehrwartin<\/li>\n\n\n\n<li>Nicole Schmidt, zur stv. Stadtkinderfeuerwehrwartin<\/li>\n\n\n\n<li>Stephan Au\u00dfem, zum kom. Leiter Atemschutz<\/li>\n\n\n\n<li>Guido Selter, zum stv. Leiter Atemschutz<\/li>\n<\/ul>\n\n\n\n<figure class=\"wp-block-image size-large\"><img loading=\"lazy\" decoding=\"async\" width=\"1024\" height=\"684\" src=\"https:\/\/www.feuerwehr-attendorn.de\/www\/wp-content\/uploads\/2023\/12\/Befoerderungen-Brandmeister-bis-Stadtbrandinspektor-1024x684.jpg\" alt=\"\" class=\"wp-image-9748\" srcset=\"https:\/\/www.feuerwehr-attendorn.de\/www\/wp-content\/uploads\/2023\/12\/Befoerderungen-Brandmeister-bis-Stadtbrandinspektor-1024x684.jpg 1024w, https:\/\/www.feuerwehr-attendorn.de\/www\/wp-content\/uploads\/2023\/12\/Befoerderungen-Brandmeister-bis-Stadtbrandinspektor-300x201.jpg 300w, https:\/\/www.feuerwehr-attendorn.de\/www\/wp-content\/uploads\/2023\/12\/Befoerderungen-Brandmeister-bis-Stadtbrandinspektor-768x513.jpg 768w, https:\/\/www.feuerwehr-attendorn.de\/www\/wp-content\/uploads\/2023\/12\/Befoerderungen-Brandmeister-bis-Stadtbrandinspektor-1536x1027.jpg 1536w, https:\/\/www.feuerwehr-attendorn.de\/www\/wp-content\/uploads\/2023\/12\/Befoerderungen-Brandmeister-bis-Stadtbrandinspektor-2048x1369.jpg 2048w\" sizes=\"auto, (max-width: 1024px) 100vw, 1024px\" \/><figcaption class=\"wp-element-caption\">Bef\u00f6rderungen Brandmeister bis Stadtbrandinspektor<\/figcaption><\/figure>\n\n\n\n<h3 class=\"wp-block-heading\">Bef\u00f6rderungen<\/h3>\n\n\n\n<p><strong>Zum Stadtbrandinspektor<\/strong><br>Sascha Klein, LZ Attendorn<\/p>\n\n\n\n<p><strong>Zum Brandoberinspektor<\/strong><br>Alexander Siepe, LZ Ennest<br>Lukas Vogt, LZ Ennest<br>Marc Scheermann, Betriebsfeuerwehr Mubea<\/p>\n\n\n\n<p><strong>Zum Brandinspektor<\/strong><br>Patrick Schn\u00fcttgen, LG Neu-Listernohl<br>Dominik Sch\u00f6ne, LG Windhausen<\/p>\n\n\n\n<p><strong>Zum Hauptbrandmeister<\/strong><br>Reimund Becker, LG Neu-Listernohl<\/p>\n\n\n\n<p><strong>Zum Oberbrandmeister<\/strong><br>Felix He\u00dfe, LZ Ennest<br>Josua Monse, LG Listerscheid<br>Benedikt Raspovic, LZ Attendorn<br>Carsten Schmidt, LG Lichtringhausen<\/p>\n\n\n\n<p><strong>Zum Brandmeiste<\/strong>r<br>Marius Bock, LZ Ennest<br>Dominik Boos, LG Lichtringhausen<br>Axel Dick, LZ Repetal<br>Philipp Halberstadt, LZ Repetal<br>Markus Schr\u00f6der, LZ Repetal<\/p>\n\n\n\n<figure class=\"wp-block-image size-large\"><img loading=\"lazy\" decoding=\"async\" width=\"1024\" height=\"684\" src=\"https:\/\/www.feuerwehr-attendorn.de\/www\/wp-content\/uploads\/2023\/12\/Befoerderungen-Feuerwehrmann-bis-Unterbrandmeister-1024x684.jpg\" alt=\"\" class=\"wp-image-9747\" srcset=\"https:\/\/www.feuerwehr-attendorn.de\/www\/wp-content\/uploads\/2023\/12\/Befoerderungen-Feuerwehrmann-bis-Unterbrandmeister-1024x684.jpg 1024w, https:\/\/www.feuerwehr-attendorn.de\/www\/wp-content\/uploads\/2023\/12\/Befoerderungen-Feuerwehrmann-bis-Unterbrandmeister-300x201.jpg 300w, https:\/\/www.feuerwehr-attendorn.de\/www\/wp-content\/uploads\/2023\/12\/Befoerderungen-Feuerwehrmann-bis-Unterbrandmeister-768x513.jpg 768w, https:\/\/www.feuerwehr-attendorn.de\/www\/wp-content\/uploads\/2023\/12\/Befoerderungen-Feuerwehrmann-bis-Unterbrandmeister-1536x1027.jpg 1536w, https:\/\/www.feuerwehr-attendorn.de\/www\/wp-content\/uploads\/2023\/12\/Befoerderungen-Feuerwehrmann-bis-Unterbrandmeister-2048x1369.jpg 2048w\" sizes=\"auto, (max-width: 1024px) 100vw, 1024px\" \/><figcaption class=\"wp-element-caption\">Bef\u00f6rderung Feuerwehrmann\/-frau bis Unterbrandmeister\/-in<\/figcaption><\/figure>\n\n\n\n<p><strong>Zum Unterbrandmeister<\/strong><br>Jan B\u00f6hmer, LZ Ennest<br>Sven Kebben, LG Neu-Listernohl<br>Fabian Kost, LZ Attendorn<br>Markus Luke, LZ Attendorn<br>Jens Stracke, LG Lichtringhausen<br>Alexander Vogt, LZ Ennest<\/p>\n\n\n\n<p><strong>Zur Hauptfeuerwehrfrau<\/strong><br>Valentina Forchert, LG Listerscheid<\/p>\n\n\n\n<p><strong>Zum Hauptfeuerwehrmann<\/strong><br>Tobias Belke, LZ Repetal<br>Niklas Wacker, LZ Attendorn<\/p>\n\n\n\n<p><strong>Zur Oberfeuerwehrfrau<\/strong><br>Ayana Kruber, LZ Repetal<\/p>\n\n\n\n<p><strong>Zum Oberfeuerwehrmann<\/strong><br>Christian Arens, LG Lichtringhausen<br>Marc Fehr, LZ Attendorn<br>Tim Luca Fischer, LZ Ennest<br>Luca H\u00fcbner, LZ Attendorn<br>Robin Huhoff, LZ Attendorn<br>Nils Kendermann, LZ Ennest<br>Nico Kliemann, LG Listerscheid<br>Carl Niklas Scheppe, LG Listerscheid<br>Luca Wlochowicz, LZ Attendorn<\/p>\n\n\n\n<p><strong>Zum Feuerwehrmann die Jugendfeuerwehrm\u00e4nner<\/strong><br>Jonas Biecker, LG Listerscheid<br>Nico B\u00f6hne, LG Listerscheid<br>Lukas Kamp, LZ Ennest<br>Leon Luke, LZ Ennest<\/p>\n\n\n\n<figure class=\"wp-block-image size-large\"><img loading=\"lazy\" decoding=\"async\" width=\"1024\" height=\"684\" src=\"https:\/\/www.feuerwehr-attendorn.de\/www\/wp-content\/uploads\/2023\/12\/Jubilare-2535-und-40-Jahre-1024x684.jpg\" alt=\"\" class=\"wp-image-9743\" srcset=\"https:\/\/www.feuerwehr-attendorn.de\/www\/wp-content\/uploads\/2023\/12\/Jubilare-2535-und-40-Jahre-1024x684.jpg 1024w, https:\/\/www.feuerwehr-attendorn.de\/www\/wp-content\/uploads\/2023\/12\/Jubilare-2535-und-40-Jahre-300x201.jpg 300w, https:\/\/www.feuerwehr-attendorn.de\/www\/wp-content\/uploads\/2023\/12\/Jubilare-2535-und-40-Jahre-768x513.jpg 768w, https:\/\/www.feuerwehr-attendorn.de\/www\/wp-content\/uploads\/2023\/12\/Jubilare-2535-und-40-Jahre-1536x1027.jpg 1536w, https:\/\/www.feuerwehr-attendorn.de\/www\/wp-content\/uploads\/2023\/12\/Jubilare-2535-und-40-Jahre-2048x1369.jpg 2048w\" sizes=\"auto, (max-width: 1024px) 100vw, 1024px\" \/><figcaption class=\"wp-element-caption\">Ehrungen<\/figcaption><\/figure>\n\n\n\n<p><strong>50 Jahre Ehrennadel DFV<\/strong><br>Manfred Schulte, LG Listerscheid<br>Wilhelm Gante, LZ Attendorn<br>Wolfgang Keseberg, LZ Attendorn<br>Helmut Schneider, LZ Ennest<\/p>\n\n\n\n<p><strong>60 Jahre Ehrennadel DFV<\/strong><br>Adolf Kebben, LG Listerscheid<br>Manfred Lehmann, LG Listerscheid<br>Theodor Damm, LG Windhausen<br>Hugo Erlhof, LZ Repetal<br>Heinrich Klens, LZ Repetal<br>Herbert K\u00fcgler, LZ Repetal<br>Leo Zeppenfeld, LZ Repetal<\/p>\n\n\n\n<p><strong>70 Jahre Ehrennadel DFV<br><\/strong>Klemens Kamp, LZ Ennest<\/p>\n\n\n\n<p><strong>75 Jahre Ehrennadel DFV<\/strong><br>Alois Rauterkus, LG Windhausen<br>Franz Schrage, LG Windhausen<\/p>\n\n\n\n<p><strong>25 Jahre Feuerwehrehrenzeichen in Silber<\/strong><br>Patricia Maag, MZ Attendorn<br>Katharina Schn\u00fcttgen, LG Neu-Listernohl<br>J\u00f6rg Koschig, LZ Ennest<br>Bj\u00f6rn Jarosz, LZ Repetal<br>Christoph Klens, LZ Repetal<br>Marco Lantella, LZ Attendorn<\/p>\n\n\n\n<p><strong>35 Jahre Feuerwehrehrenzeichen in Gold<\/strong><br>Alexander Thelen, LZ Repetal<\/p>\n\n\n\n<p><strong>50 Jahre Feuerwehrehrenzeichen in Gold mit Goldkranz<\/strong><br>Christian Gante, LZ Attendorn<br>Winfried Kl\u00f6wer, LZ Attendorn<br>Reinhard Sangermann, LZ Attendorn<br>Andreas Sch\u00e4fer, LZ Attendorn<\/p>\n","protected":false},"excerpt":{"rendered":"<p>Auf ein Ereignisreiches Jahr blickte Attendorns Leiter der Feuerwehr, Tobias Bock, am vergangenen Samstag zur\u00fcck. Denn es gab viel zu berichten \u00fcber die insgesamt 639 Mitglieder, die ehrenamtlich gef\u00fchrt werden. Seien es die 307 Eins\u00e4tze, zu denen die sieben Einheiten&hellip;<\/p>\n","protected":false},"author":2,"featured_media":9745,"comment_status":"open","ping_status":"open","sticky":false,"template":"","format":"standard","meta":{"pgc_sgb_lightbox_settings":"","cybocfi_hide_featured_image":"","footnotes":""},"categories":[5],"tags":[],"class_list":["post-9742","post","type-post","status-publish","format-standard","has-post-thumbnail","hentry","category-aktuelles"],"_links":{"self":[{"href":"https:\/\/www.feuerwehr-attendorn.de\/www\/wp-json\/wp\/v2\/posts\/9742","targetHints":{"allow":["GET"]}}],"collection":[{"href":"https:\/\/www.feuerwehr-attendorn.de\/www\/wp-json\/wp\/v2\/posts"}],"about":[{"href":"https:\/\/www.feuerwehr-attendorn.de\/www\/wp-json\/wp\/v2\/types\/post"}],"author":[{"embeddable":true,"href":"https:\/\/www.feuerwehr-attendorn.de\/www\/wp-json\/wp\/v2\/users\/2"}],"replies":[{"embeddable":true,"href":"https:\/\/www.feuerwehr-attendorn.de\/www\/wp-json\/wp\/v2\/comments?post=9742"}],"version-history":[{"count":1,"href":"https:\/\/www.feuerwehr-attendorn.de\/www\/wp-json\/wp\/v2\/posts\/9742\/revisions"}],"predecessor-version":[{"id":9750,"href":"https:\/\/www.feuerwehr-attendorn.de\/www\/wp-json\/wp\/v2\/posts\/9742\/revisions\/9750"}],"wp:featuredmedia":[{"embeddable":true,"href":"https:\/\/www.feuerwehr-attendorn.de\/www\/wp-json\/wp\/v2\/media\/9745"}],"wp:attachment":[{"href":"https:\/\/www.feuerwehr-attendorn.de\/www\/wp-json\/wp\/v2\/media?parent=9742"}],"wp:term":[{"taxonomy":"category","embeddable":true,"href":"https:\/\/www.feuerwehr-attendorn.de\/www\/wp-json\/wp\/v2\/categories?post=9742"},{"taxonomy":"post_tag","embeddable":true,"href":"https:\/\/www.feuerwehr-attendorn.de\/www\/wp-json\/wp\/v2\/tags?post=9742"}],"curies":[{"name":"wp","href":"https:\/\/api.w.org\/{rel}","templated":true}]}}